{"id":1180372,"date":"2020-06-01T15:25:07","date_gmt":"2020-06-01T19:25:07","guid":{"rendered":""},"modified":"2020-06-02T05:03:00","modified_gmt":"2020-06-02T05:03:00","slug":"c-l-brer-les-personnes-g-es-en-ontario-gouvernement-de-l-ontario","status":"publish","type":"post","link":"https:\/\/newsite.stepstojustice.ca\/fr\/news\/c-l-brer-les-personnes-g-es-en-ontario-gouvernement-de-l-ontario\/","title":{"rendered":"C\u00e9l\u00e9brer les personnes \u00e2g\u00e9es en Ontario (Gouvernement de l&rsquo;Ontario)"},"content":{"rendered":"<p>Gouvernement de l&rsquo;Ontario&nbsp;&#8211;&nbsp;TORONTO \u2014 Aujourd&rsquo;hui, Raymond Cho, ministre des Services aux a\u00een\u00e9s et de l&rsquo;Accessibilit\u00e9, a publi\u00e9 la d\u00e9claration qui suit&nbsp;:&nbsp;<\/p>\n<p>\u00ab&nbsp;Tandis que nous profitons de cette occasion pour souligner le Mois des personnes \u00e2g\u00e9es, nous reconnaissons qu&rsquo;il s&rsquo;agit d&rsquo;une p\u00e9riode tr\u00e8s difficile pour elles, alors qu&rsquo;elles continuent de s&rsquo;auto-isoler en raison du risque que repr\u00e9sente la COVID-19. \u00ab\u00a0<\/p>\n<p>Maintenant plus que jamais, il est important que nous mettions nos efforts en commun pour soutenir nos personnes \u00e2g\u00e9es et souligner et honorer leurs connaissances, leur exp\u00e9rience et les contributions qu&rsquo;elles ont faites pour b\u00e2tir la province dont nous profitons aujourd&rsquo;hui &#8211; ainsi que toutes les contributions qu&rsquo;elles continuent de faire chaque jour dans les collectivit\u00e9s partout en Ontario.<\/p>\n<p>\u200bPOUR EN SAVOIR PLUS:&nbsp;<a href=\"https:\/\/news.ontario.ca\/oss\/fr\/2020\/06\/celebrer-les-personnes-agees-en-ontario.html\">https:\/\/news.ontario.ca\/oss\/fr\/2020\/06\/celebrer-les-personnes-agees-en-ontario.html<\/a><\/p>\n","protected":false},"excerpt":{"rendered":"<p>Gouvernement de l&rsquo;Ontario&nbsp;&#8211;&nbsp;TORONTO \u2014 Aujourd&rsquo;hui, Raymond Cho, ministre des Services aux a\u00een\u00e9s et de l&rsquo;Accessibilit\u00e9, a publi\u00e9 la d\u00e9claration qui suit&nbsp;:&nbsp;<br \/>\n\u00ab&nbsp;Tandis que nous profitons de cette occasion pour souligner le Mois des personnes \u00e2g\u00e9es, nous reconnaissons qu&rsquo;il s&rsquo;agit d&rsquo;une p\u00e9riode tr\u00e8s difficile pour elles, alors qu&rsquo;elles continuent de s&rsquo;auto-isoler en raison du risque que repr\u00e9sente la COVID-19.<\/p>\n","protected":false},"author":3,"featured_media":0,"comment_status":"open","ping_status":"open","sticky":false,"template":"","format":"standard","meta":{"inline_featured_image":false},"categories":[39109],"tags":[],"legal-topic":[],"yoast_head":"<!-- This site is optimized with the Yoast SEO plugin v19.14 - https:\/\/yoast.com\/wordpress\/plugins\/seo\/ -->\n<title>C\u00e9l\u00e9brer les personnes \u00e2g\u00e9es en Ontario (Gouvernement de l&#039;Ontario) - Steps to justice<\/title>\n<meta name=\"description\" content=\"Gouvernement de l&#039;Ontario&nbsp;-&nbsp;TORONTO \u2014 Aujourd&#039;hui, Raymond Cho, ministre des Services aux a\u00een\u00e9s et de l&#039;Accessibilit\u00e9, a publi\u00e9 la d\u00e9claration\" \/>\n<meta name=\"robots\" content=\"noindex, follow, max-snippet:-1, max-image-preview:large, max-video-preview:-1\" \/>\n<meta property=\"og:locale\" content=\"fr_FR\" \/>\n<meta property=\"og:type\" content=\"article\" \/>\n<meta property=\"og:title\" content=\"C\u00e9l\u00e9brer les personnes \u00e2g\u00e9es en Ontario (Gouvernement de l&#039;Ontario) - Steps to justice\" \/>\n<meta property=\"og:description\" content=\"Gouvernement de l&#039;Ontario&nbsp;-&nbsp;TORONTO \u2014 Aujourd&#039;hui, Raymond Cho, ministre des Services aux a\u00een\u00e9s et de l&#039;Accessibilit\u00e9, a publi\u00e9 la d\u00e9claration\" \/>\n<meta property=\"og:url\" content=\"https:\/\/newsite.stepstojustice.ca\/fr\/news\/c-l-brer-les-personnes-g-es-en-ontario-gouvernement-de-l-ontario\/\" \/>\n<meta property=\"og:site_name\" content=\"Steps to justice\" \/>\n<meta property=\"article:published_time\" content=\"-0001-11-30T00:00:00+00:00\" \/>\n<meta property=\"article:modified_time\" content=\"2020-06-02T05:03:00+00:00\" \/>\n<meta name=\"author\" content=\"CLEO\" \/>\n<meta name=\"twitter:card\" content=\"summary_large_image\" \/>\n<meta name=\"twitter:label1\" content=\"\u00c9crit par\" \/>\n\t<meta name=\"twitter:data1\" content=\"CLEO\" \/>\n\t<meta name=\"twitter:label2\" content=\"Dur\u00e9e de lecture estim\u00e9e\" \/>\n\t<meta name=\"twitter:data2\" content=\"1 minute\" \/>\n<script type=\"application\/ld+json\" class=\"yoast-schema-graph\">{\"@context\":\"https:\/\/schema.org\",\"@graph\":[{\"@type\":\"WebPage\",\"@id\":\"https:\/\/newsite.stepstojustice.ca\/fr\/news\/c-l-brer-les-personnes-g-es-en-ontario-gouvernement-de-l-ontario\/\",\"url\":\"https:\/\/newsite.stepstojustice.ca\/fr\/news\/c-l-brer-les-personnes-g-es-en-ontario-gouvernement-de-l-ontario\/\",\"name\":\"C\u00e9l\u00e9brer les personnes \u00e2g\u00e9es en Ontario (Gouvernement de l'Ontario) - Steps to justice\",\"isPartOf\":{\"@id\":\"https:\/\/newsite.stepstojustice.ca\/fr\/#website\"},\"datePublished\":\"-0001-11-30T00:00:00+00:00\",\"dateModified\":\"2020-06-02T05:03:00+00:00\",\"author\":{\"@id\":\"https:\/\/newsite.stepstojustice.ca\/fr\/#\/schema\/person\/6ad73b2e76f5b3cfc07598ad8918ba4d\"},\"description\":\"Gouvernement de l'Ontario&nbsp;-&nbsp;TORONTO \u2014 Aujourd'hui, Raymond Cho, ministre des Services aux a\u00een\u00e9s et de l'Accessibilit\u00e9, a publi\u00e9 la d\u00e9claration\",\"breadcrumb\":{\"@id\":\"https:\/\/newsite.stepstojustice.ca\/fr\/news\/c-l-brer-les-personnes-g-es-en-ontario-gouvernement-de-l-ontario\/#breadcrumb\"},\"inLanguage\":\"fr-FR\",\"potentialAction\":[{\"@type\":\"ReadAction\",\"target\":[\"https:\/\/newsite.stepstojustice.ca\/fr\/news\/c-l-brer-les-personnes-g-es-en-ontario-gouvernement-de-l-ontario\/\"]}]},{\"@type\":\"BreadcrumbList\",\"@id\":\"https:\/\/newsite.stepstojustice.ca\/fr\/news\/c-l-brer-les-personnes-g-es-en-ontario-gouvernement-de-l-ontario\/#breadcrumb\",\"itemListElement\":[{\"@type\":\"ListItem\",\"position\":1,\"name\":\"Home\",\"item\":\"https:\/\/newsite.stepstojustice.ca\/fr\/\"},{\"@type\":\"ListItem\",\"position\":2,\"name\":\"C\u00e9l\u00e9brer les personnes \u00e2g\u00e9es en Ontario (Gouvernement de l&rsquo;Ontario)\"}]},{\"@type\":\"WebSite\",\"@id\":\"https:\/\/newsite.stepstojustice.ca\/fr\/#website\",\"url\":\"https:\/\/newsite.stepstojustice.ca\/fr\/\",\"name\":\"Steps to justice\",\"description\":\"Step-by-step information about legal problems\",\"potentialAction\":[{\"@type\":\"SearchAction\",\"target\":{\"@type\":\"EntryPoint\",\"urlTemplate\":\"https:\/\/newsite.stepstojustice.ca\/fr\/?s={search_term_string}\"},\"query-input\":\"required name=search_term_string\"}],\"inLanguage\":\"fr-FR\"},{\"@type\":\"Person\",\"@id\":\"https:\/\/newsite.stepstojustice.ca\/fr\/#\/schema\/person\/6ad73b2e76f5b3cfc07598ad8918ba4d\",\"name\":\"CLEO\",\"image\":{\"@type\":\"ImageObject\",\"inLanguage\":\"fr-FR\",\"@id\":\"https:\/\/newsite.stepstojustice.ca\/fr\/#\/schema\/person\/image\/\",\"url\":\"https:\/\/secure.gravatar.com\/avatar\/1ca94e85c3ccc165a31c5dc61eb4279e?s=96&d=mm&r=g\",\"contentUrl\":\"https:\/\/secure.gravatar.com\/avatar\/1ca94e85c3ccc165a31c5dc61eb4279e?s=96&d=mm&r=g\",\"caption\":\"CLEO\"}}]}<\/script>\n<!-- \/ Yoast SEO plugin. -->","yoast_head_json":{"title":"C\u00e9l\u00e9brer les personnes \u00e2g\u00e9es en Ontario (Gouvernement de l'Ontario) - Steps to justice","description":"Gouvernement de l'Ontario&nbsp;-&nbsp;TORONTO \u2014 Aujourd'hui, Raymond Cho, ministre des Services aux a\u00een\u00e9s et de l'Accessibilit\u00e9, a publi\u00e9 la d\u00e9claration","robots":{"index":"noindex","follow":"follow","max-snippet":"max-snippet:-1","max-image-preview":"max-image-preview:large","max-video-preview":"max-video-preview:-1"},"og_locale":"fr_FR","og_type":"article","og_title":"C\u00e9l\u00e9brer les personnes \u00e2g\u00e9es en Ontario (Gouvernement de l'Ontario) - Steps to justice","og_description":"Gouvernement de l'Ontario&nbsp;-&nbsp;TORONTO \u2014 Aujourd'hui, Raymond Cho, ministre des Services aux a\u00een\u00e9s et de l'Accessibilit\u00e9, a publi\u00e9 la d\u00e9claration","og_url":"https:\/\/newsite.stepstojustice.ca\/fr\/news\/c-l-brer-les-personnes-g-es-en-ontario-gouvernement-de-l-ontario\/","og_site_name":"Steps to justice","article_published_time":"-0001-11-30T00:00:00+00:00","article_modified_time":"2020-06-02T05:03:00+00:00","author":"CLEO","twitter_card":"summary_large_image","twitter_misc":{"\u00c9crit par":"CLEO","Dur\u00e9e de lecture estim\u00e9e":"1 minute"},"schema":{"@context":"https:\/\/schema.org","@graph":[{"@type":"WebPage","@id":"https:\/\/newsite.stepstojustice.ca\/fr\/news\/c-l-brer-les-personnes-g-es-en-ontario-gouvernement-de-l-ontario\/","url":"https:\/\/newsite.stepstojustice.ca\/fr\/news\/c-l-brer-les-personnes-g-es-en-ontario-gouvernement-de-l-ontario\/","name":"C\u00e9l\u00e9brer les personnes \u00e2g\u00e9es en Ontario (Gouvernement de l'Ontario) - Steps to justice","isPartOf":{"@id":"https:\/\/newsite.stepstojustice.ca\/fr\/#website"},"datePublished":"-0001-11-30T00:00:00+00:00","dateModified":"2020-06-02T05:03:00+00:00","author":{"@id":"https:\/\/newsite.stepstojustice.ca\/fr\/#\/schema\/person\/6ad73b2e76f5b3cfc07598ad8918ba4d"},"description":"Gouvernement de l'Ontario&nbsp;-&nbsp;TORONTO \u2014 Aujourd'hui, Raymond Cho, ministre des Services aux a\u00een\u00e9s et de l'Accessibilit\u00e9, a publi\u00e9 la d\u00e9claration","breadcrumb":{"@id":"https:\/\/newsite.stepstojustice.ca\/fr\/news\/c-l-brer-les-personnes-g-es-en-ontario-gouvernement-de-l-ontario\/#breadcrumb"},"inLanguage":"fr-FR","potentialAction":[{"@type":"ReadAction","target":["https:\/\/newsite.stepstojustice.ca\/fr\/news\/c-l-brer-les-personnes-g-es-en-ontario-gouvernement-de-l-ontario\/"]}]},{"@type":"BreadcrumbList","@id":"https:\/\/newsite.stepstojustice.ca\/fr\/news\/c-l-brer-les-personnes-g-es-en-ontario-gouvernement-de-l-ontario\/#breadcrumb","itemListElement":[{"@type":"ListItem","position":1,"name":"Home","item":"https:\/\/newsite.stepstojustice.ca\/fr\/"},{"@type":"ListItem","position":2,"name":"C\u00e9l\u00e9brer les personnes \u00e2g\u00e9es en Ontario (Gouvernement de l&rsquo;Ontario)"}]},{"@type":"WebSite","@id":"https:\/\/newsite.stepstojustice.ca\/fr\/#website","url":"https:\/\/newsite.stepstojustice.ca\/fr\/","name":"Steps to justice","description":"Step-by-step information about legal problems","potentialAction":[{"@type":"SearchAction","target":{"@type":"EntryPoint","urlTemplate":"https:\/\/newsite.stepstojustice.ca\/fr\/?s={search_term_string}"},"query-input":"required name=search_term_string"}],"inLanguage":"fr-FR"},{"@type":"Person","@id":"https:\/\/newsite.stepstojustice.ca\/fr\/#\/schema\/person\/6ad73b2e76f5b3cfc07598ad8918ba4d","name":"CLEO","image":{"@type":"ImageObject","inLanguage":"fr-FR","@id":"https:\/\/newsite.stepstojustice.ca\/fr\/#\/schema\/person\/image\/","url":"https:\/\/secure.gravatar.com\/avatar\/1ca94e85c3ccc165a31c5dc61eb4279e?s=96&d=mm&r=g","contentUrl":"https:\/\/secure.gravatar.com\/avatar\/1ca94e85c3ccc165a31c5dc61eb4279e?s=96&d=mm&r=g","caption":"CLEO"}}]}},"meta_box":{"blog_image_type":""},"_links":{"self":[{"href":"https:\/\/newsite.stepstojustice.ca\/fr\/wp-json\/wp\/v2\/post\/1180372"}],"collection":[{"href":"https:\/\/newsite.stepstojustice.ca\/fr\/wp-json\/wp\/v2\/post"}],"about":[{"href":"https:\/\/newsite.stepstojustice.ca\/fr\/wp-json\/wp\/v2\/types\/post"}],"author":[{"embeddable":true,"href":"https:\/\/newsite.stepstojustice.ca\/fr\/wp-json\/wp\/v2\/users\/3"}],"replies":[{"embeddable":true,"href":"https:\/\/newsite.stepstojustice.ca\/fr\/wp-json\/wp\/v2\/comments?post=1180372"}],"version-history":[{"count":0,"href":"https:\/\/newsite.stepstojustice.ca\/fr\/wp-json\/wp\/v2\/post\/1180372\/revisions"}],"wp:attachment":[{"href":"https:\/\/newsite.stepstojustice.ca\/fr\/wp-json\/wp\/v2\/media?parent=1180372"}],"wp:term":[{"taxonomy":"category","embeddable":true,"href":"https:\/\/newsite.stepstojustice.ca\/fr\/wp-json\/wp\/v2\/categories?post=1180372"},{"taxonomy":"post_tag","embeddable":true,"href":"https:\/\/newsite.stepstojustice.ca\/fr\/wp-json\/wp\/v2\/tags?post=1180372"},{"taxonomy":"legal-topic","embeddable":true,"href":"https:\/\/newsite.stepstojustice.ca\/fr\/wp-json\/wp\/v2\/legal-topic?post=1180372"}],"curies":[{"name":"wp","href":"https:\/\/api.w.org\/{rel}","templated":true}]}}