{"id":1180369,"date":"2020-06-30T16:43:06","date_gmt":"2020-06-30T20:43:06","guid":{"rendered":""},"modified":"2020-06-30T16:43:06","modified_gmt":"2020-06-30T16:43:06","slug":"les-commer-ants-peuvent-ils-ajouter-des-frais-covid-votre-facture-radio-canada","status":"publish","type":"post","link":"https:\/\/newsite.stepstojustice.ca\/fr\/news\/les-commer-ants-peuvent-ils-ajouter-des-frais-covid-votre-facture-radio-canada\/","title":{"rendered":"Les commer\u00e7ants peuvent-ils ajouter des \u00ab\u00a0frais COVID\u00a0\u00bb \u00e0 votre facture?\u00a0(Radio-Canada)"},"content":{"rendered":"<p>Radio-Canada &#8211;&nbsp;CANADA \u2014&nbsp;Un bon repas au restaurant, agr\u00e9ment\u00e9 de frais suppl\u00e9mentaires li\u00e9s \u00e0 la COVID-19, est-ce bien l\u00e9gal? Sur la facture, un commer\u00e7ant a le droit de majorer ses prix en fonction des frais engendr\u00e9s par la COVID-19, \u00e0 condition que ces frais soient inclus dans le prix annonc\u00e9.<\/p>\n<p>Les frais surprises sont interdits par la loi, rappelle Charles Tanguay, porte-parole de l&rsquo;Office de la protection du consommateur.<\/p>\n<p>\u00ab\u00a0Cela vaut pour tous les prix annonc\u00e9s, qu\u2019ils proviennent d\u2019une publicit\u00e9, d\u2019une affiche, d\u2019une circulaire, d\u2019un site web ou d\u2019une entente verbale,\u00a0\u00bb&nbsp;explique-t-il.<\/p>\n<p>Malgr\u00e9 les am\u00e9nagements particuliers et les mesures sanitaires co\u00fbteuses \u00e0 respecter, la situation ne peut servir de pr\u00e9texte \u00e0 la dissimulation de frais suppl\u00e9mentaires. En somme, le client ne doit pas \u00eatre attir\u00e9 par des prix qui ne refl\u00e8tent pas la r\u00e9alit\u00e9.\u200b<\/p>\n<p>POUR EN SAVOIR PLUS:&nbsp;<a href=\"https:\/\/ici.radio-canada.ca\/nouvelle\/1715520\/consommation-covid-frais-restauration-economie-tanguay?fromApp=appInfoIos&amp;partageApp=appInfoiOS&amp;accesVia=partage\" title=\"https:\/\/ici.radio-canada.ca\/nouvelle\/1715520\/consommation-covid-frais-restauration-economie-tanguay?fromApp=appInfoIos&amp;amp;partageApp=appInfoiOS&amp;amp;accesVia=partage\nCmd+Click or tap to follow the link\">https:\/\/ici.radio-canada.ca\/nouvelle\/1715520\/consommation-covid-frais-restauration-economie-tanguay?fromApp=appInfoIos&amp;partageApp=appInfoiOS&amp;accesVia=partage<\/a><\/p>\n<p>&nbsp;<\/p>\n","protected":false},"excerpt":{"rendered":"<p>Radio-Canada &#8211;&nbsp;CANADA \u2014&nbsp;Un bon repas au restaurant, agr\u00e9ment\u00e9 de frais suppl\u00e9mentaires li\u00e9s \u00e0 la COVID-19, est-ce bien l\u00e9gal? Sur la facture, un commer\u00e7ant a le droit de majorer ses prix en fonction des frais engendr\u00e9s par la COVID-19, \u00e0 condition que ces frais soient inclus dans le prix annonc\u00e9.<br \/>\nLes frais surprises sont interdits par la loi,<\/p>\n","protected":false},"author":3,"featured_media":0,"comment_status":"open","ping_status":"open","sticky":false,"template":"","format":"standard","meta":{"inline_featured_image":false},"categories":[39108],"tags":[],"legal-topic":[],"yoast_head":"<!-- This site is optimized with the Yoast SEO plugin v19.14 - https:\/\/yoast.com\/wordpress\/plugins\/seo\/ -->\n<title>Les commer\u00e7ants peuvent-ils ajouter des \u00ab\u00a0frais COVID\u00a0\u00bb \u00e0 votre facture?\u00a0(Radio-Canada) - Steps to justice<\/title>\n<meta name=\"description\" content=\"Radio-Canada -&nbsp;CANADA \u2014&nbsp;Un bon repas au restaurant, agr\u00e9ment\u00e9 de frais suppl\u00e9mentaires li\u00e9s \u00e0 la COVID-19, est-ce bien l\u00e9gal? Sur la facture, un\" \/>\n<meta name=\"robots\" content=\"noindex, follow, max-snippet:-1, max-image-preview:large, max-video-preview:-1\" \/>\n<meta property=\"og:locale\" content=\"fr_FR\" \/>\n<meta property=\"og:type\" content=\"article\" \/>\n<meta property=\"og:title\" content=\"Les commer\u00e7ants peuvent-ils ajouter des \u00ab\u00a0frais COVID\u00a0\u00bb \u00e0 votre facture?\u00a0(Radio-Canada) - Steps to justice\" \/>\n<meta property=\"og:description\" content=\"Radio-Canada -&nbsp;CANADA \u2014&nbsp;Un bon repas au restaurant, agr\u00e9ment\u00e9 de frais suppl\u00e9mentaires li\u00e9s \u00e0 la COVID-19, est-ce bien l\u00e9gal? Sur la facture, un\" \/>\n<meta property=\"og:url\" content=\"https:\/\/newsite.stepstojustice.ca\/fr\/news\/les-commer-ants-peuvent-ils-ajouter-des-frais-covid-votre-facture-radio-canada\/\" \/>\n<meta property=\"og:site_name\" content=\"Steps to justice\" \/>\n<meta property=\"article:published_time\" content=\"-0001-11-30T00:00:00+00:00\" \/>\n<meta property=\"article:modified_time\" content=\"2020-06-30T16:43:06+00:00\" \/>\n<meta name=\"author\" content=\"CLEO\" \/>\n<meta name=\"twitter:card\" content=\"summary_large_image\" \/>\n<meta name=\"twitter:label1\" content=\"\u00c9crit par\" \/>\n\t<meta name=\"twitter:data1\" content=\"CLEO\" \/>\n\t<meta name=\"twitter:label2\" content=\"Dur\u00e9e de lecture estim\u00e9e\" \/>\n\t<meta name=\"twitter:data2\" content=\"1 minute\" \/>\n<script type=\"application\/ld+json\" class=\"yoast-schema-graph\">{\"@context\":\"https:\/\/schema.org\",\"@graph\":[{\"@type\":\"WebPage\",\"@id\":\"https:\/\/newsite.stepstojustice.ca\/fr\/news\/les-commer-ants-peuvent-ils-ajouter-des-frais-covid-votre-facture-radio-canada\/\",\"url\":\"https:\/\/newsite.stepstojustice.ca\/fr\/news\/les-commer-ants-peuvent-ils-ajouter-des-frais-covid-votre-facture-radio-canada\/\",\"name\":\"Les commer\u00e7ants peuvent-ils ajouter des \u00ab\u00a0frais COVID\u00a0\u00bb \u00e0 votre facture?\u00a0(Radio-Canada) - Steps to justice\",\"isPartOf\":{\"@id\":\"https:\/\/newsite.stepstojustice.ca\/fr\/#website\"},\"datePublished\":\"-0001-11-30T00:00:00+00:00\",\"dateModified\":\"2020-06-30T16:43:06+00:00\",\"author\":{\"@id\":\"https:\/\/newsite.stepstojustice.ca\/fr\/#\/schema\/person\/6ad73b2e76f5b3cfc07598ad8918ba4d\"},\"description\":\"Radio-Canada -&nbsp;CANADA \u2014&nbsp;Un bon repas au restaurant, agr\u00e9ment\u00e9 de frais suppl\u00e9mentaires li\u00e9s \u00e0 la COVID-19, est-ce bien l\u00e9gal? Sur la facture, un\",\"breadcrumb\":{\"@id\":\"https:\/\/newsite.stepstojustice.ca\/fr\/news\/les-commer-ants-peuvent-ils-ajouter-des-frais-covid-votre-facture-radio-canada\/#breadcrumb\"},\"inLanguage\":\"fr-FR\",\"potentialAction\":[{\"@type\":\"ReadAction\",\"target\":[\"https:\/\/newsite.stepstojustice.ca\/fr\/news\/les-commer-ants-peuvent-ils-ajouter-des-frais-covid-votre-facture-radio-canada\/\"]}]},{\"@type\":\"BreadcrumbList\",\"@id\":\"https:\/\/newsite.stepstojustice.ca\/fr\/news\/les-commer-ants-peuvent-ils-ajouter-des-frais-covid-votre-facture-radio-canada\/#breadcrumb\",\"itemListElement\":[{\"@type\":\"ListItem\",\"position\":1,\"name\":\"Home\",\"item\":\"https:\/\/newsite.stepstojustice.ca\/fr\/\"},{\"@type\":\"ListItem\",\"position\":2,\"name\":\"Les commer\u00e7ants peuvent-ils ajouter des \u00ab\u00a0frais COVID\u00a0\u00bb \u00e0 votre facture?\u00a0(Radio-Canada)\"}]},{\"@type\":\"WebSite\",\"@id\":\"https:\/\/newsite.stepstojustice.ca\/fr\/#website\",\"url\":\"https:\/\/newsite.stepstojustice.ca\/fr\/\",\"name\":\"Steps to justice\",\"description\":\"Step-by-step information about legal problems\",\"potentialAction\":[{\"@type\":\"SearchAction\",\"target\":{\"@type\":\"EntryPoint\",\"urlTemplate\":\"https:\/\/newsite.stepstojustice.ca\/fr\/?s={search_term_string}\"},\"query-input\":\"required name=search_term_string\"}],\"inLanguage\":\"fr-FR\"},{\"@type\":\"Person\",\"@id\":\"https:\/\/newsite.stepstojustice.ca\/fr\/#\/schema\/person\/6ad73b2e76f5b3cfc07598ad8918ba4d\",\"name\":\"CLEO\",\"image\":{\"@type\":\"ImageObject\",\"inLanguage\":\"fr-FR\",\"@id\":\"https:\/\/newsite.stepstojustice.ca\/fr\/#\/schema\/person\/image\/\",\"url\":\"https:\/\/secure.gravatar.com\/avatar\/1ca94e85c3ccc165a31c5dc61eb4279e?s=96&d=mm&r=g\",\"contentUrl\":\"https:\/\/secure.gravatar.com\/avatar\/1ca94e85c3ccc165a31c5dc61eb4279e?s=96&d=mm&r=g\",\"caption\":\"CLEO\"}}]}<\/script>\n<!-- \/ Yoast SEO plugin. -->","yoast_head_json":{"title":"Les commer\u00e7ants peuvent-ils ajouter des \u00ab\u00a0frais COVID\u00a0\u00bb \u00e0 votre facture?\u00a0(Radio-Canada) - Steps to justice","description":"Radio-Canada -&nbsp;CANADA \u2014&nbsp;Un bon repas au restaurant, agr\u00e9ment\u00e9 de frais suppl\u00e9mentaires li\u00e9s \u00e0 la COVID-19, est-ce bien l\u00e9gal? Sur la facture, un","robots":{"index":"noindex","follow":"follow","max-snippet":"max-snippet:-1","max-image-preview":"max-image-preview:large","max-video-preview":"max-video-preview:-1"},"og_locale":"fr_FR","og_type":"article","og_title":"Les commer\u00e7ants peuvent-ils ajouter des \u00ab\u00a0frais COVID\u00a0\u00bb \u00e0 votre facture?\u00a0(Radio-Canada) - Steps to justice","og_description":"Radio-Canada -&nbsp;CANADA \u2014&nbsp;Un bon repas au restaurant, agr\u00e9ment\u00e9 de frais suppl\u00e9mentaires li\u00e9s \u00e0 la COVID-19, est-ce bien l\u00e9gal? Sur la facture, un","og_url":"https:\/\/newsite.stepstojustice.ca\/fr\/news\/les-commer-ants-peuvent-ils-ajouter-des-frais-covid-votre-facture-radio-canada\/","og_site_name":"Steps to justice","article_published_time":"-0001-11-30T00:00:00+00:00","article_modified_time":"2020-06-30T16:43:06+00:00","author":"CLEO","twitter_card":"summary_large_image","twitter_misc":{"\u00c9crit par":"CLEO","Dur\u00e9e de lecture estim\u00e9e":"1 minute"},"schema":{"@context":"https:\/\/schema.org","@graph":[{"@type":"WebPage","@id":"https:\/\/newsite.stepstojustice.ca\/fr\/news\/les-commer-ants-peuvent-ils-ajouter-des-frais-covid-votre-facture-radio-canada\/","url":"https:\/\/newsite.stepstojustice.ca\/fr\/news\/les-commer-ants-peuvent-ils-ajouter-des-frais-covid-votre-facture-radio-canada\/","name":"Les commer\u00e7ants peuvent-ils ajouter des \u00ab\u00a0frais COVID\u00a0\u00bb \u00e0 votre facture?\u00a0(Radio-Canada) - Steps to justice","isPartOf":{"@id":"https:\/\/newsite.stepstojustice.ca\/fr\/#website"},"datePublished":"-0001-11-30T00:00:00+00:00","dateModified":"2020-06-30T16:43:06+00:00","author":{"@id":"https:\/\/newsite.stepstojustice.ca\/fr\/#\/schema\/person\/6ad73b2e76f5b3cfc07598ad8918ba4d"},"description":"Radio-Canada -&nbsp;CANADA \u2014&nbsp;Un bon repas au restaurant, agr\u00e9ment\u00e9 de frais suppl\u00e9mentaires li\u00e9s \u00e0 la COVID-19, est-ce bien l\u00e9gal? Sur la facture, un","breadcrumb":{"@id":"https:\/\/newsite.stepstojustice.ca\/fr\/news\/les-commer-ants-peuvent-ils-ajouter-des-frais-covid-votre-facture-radio-canada\/#breadcrumb"},"inLanguage":"fr-FR","potentialAction":[{"@type":"ReadAction","target":["https:\/\/newsite.stepstojustice.ca\/fr\/news\/les-commer-ants-peuvent-ils-ajouter-des-frais-covid-votre-facture-radio-canada\/"]}]},{"@type":"BreadcrumbList","@id":"https:\/\/newsite.stepstojustice.ca\/fr\/news\/les-commer-ants-peuvent-ils-ajouter-des-frais-covid-votre-facture-radio-canada\/#breadcrumb","itemListElement":[{"@type":"ListItem","position":1,"name":"Home","item":"https:\/\/newsite.stepstojustice.ca\/fr\/"},{"@type":"ListItem","position":2,"name":"Les commer\u00e7ants peuvent-ils ajouter des \u00ab\u00a0frais COVID\u00a0\u00bb \u00e0 votre facture?\u00a0(Radio-Canada)"}]},{"@type":"WebSite","@id":"https:\/\/newsite.stepstojustice.ca\/fr\/#website","url":"https:\/\/newsite.stepstojustice.ca\/fr\/","name":"Steps to justice","description":"Step-by-step information about legal problems","potentialAction":[{"@type":"SearchAction","target":{"@type":"EntryPoint","urlTemplate":"https:\/\/newsite.stepstojustice.ca\/fr\/?s={search_term_string}"},"query-input":"required name=search_term_string"}],"inLanguage":"fr-FR"},{"@type":"Person","@id":"https:\/\/newsite.stepstojustice.ca\/fr\/#\/schema\/person\/6ad73b2e76f5b3cfc07598ad8918ba4d","name":"CLEO","image":{"@type":"ImageObject","inLanguage":"fr-FR","@id":"https:\/\/newsite.stepstojustice.ca\/fr\/#\/schema\/person\/image\/","url":"https:\/\/secure.gravatar.com\/avatar\/1ca94e85c3ccc165a31c5dc61eb4279e?s=96&d=mm&r=g","contentUrl":"https:\/\/secure.gravatar.com\/avatar\/1ca94e85c3ccc165a31c5dc61eb4279e?s=96&d=mm&r=g","caption":"CLEO"}}]}},"meta_box":{"blog_image_type":""},"_links":{"self":[{"href":"https:\/\/newsite.stepstojustice.ca\/fr\/wp-json\/wp\/v2\/post\/1180369"}],"collection":[{"href":"https:\/\/newsite.stepstojustice.ca\/fr\/wp-json\/wp\/v2\/post"}],"about":[{"href":"https:\/\/newsite.stepstojustice.ca\/fr\/wp-json\/wp\/v2\/types\/post"}],"author":[{"embeddable":true,"href":"https:\/\/newsite.stepstojustice.ca\/fr\/wp-json\/wp\/v2\/users\/3"}],"replies":[{"embeddable":true,"href":"https:\/\/newsite.stepstojustice.ca\/fr\/wp-json\/wp\/v2\/comments?post=1180369"}],"version-history":[{"count":0,"href":"https:\/\/newsite.stepstojustice.ca\/fr\/wp-json\/wp\/v2\/post\/1180369\/revisions"}],"wp:attachment":[{"href":"https:\/\/newsite.stepstojustice.ca\/fr\/wp-json\/wp\/v2\/media?parent=1180369"}],"wp:term":[{"taxonomy":"category","embeddable":true,"href":"https:\/\/newsite.stepstojustice.ca\/fr\/wp-json\/wp\/v2\/categories?post=1180369"},{"taxonomy":"post_tag","embeddable":true,"href":"https:\/\/newsite.stepstojustice.ca\/fr\/wp-json\/wp\/v2\/tags?post=1180369"},{"taxonomy":"legal-topic","embeddable":true,"href":"https:\/\/newsite.stepstojustice.ca\/fr\/wp-json\/wp\/v2\/legal-topic?post=1180369"}],"curies":[{"name":"wp","href":"https:\/\/api.w.org\/{rel}","templated":true}]}}