{"id":1180364,"date":"2020-06-19T14:49:56","date_gmt":"2020-06-19T18:49:56","guid":{"rendered":""},"modified":"2020-06-19T14:49:56","modified_gmt":"2020-06-19T14:49:56","slug":"l-ontario-suspend-les-expulsions-commerciales-gouvernement-de-l-ontario","status":"publish","type":"post","link":"https:\/\/newsite.stepstojustice.ca\/fr\/news\/l-ontario-suspend-les-expulsions-commerciales-gouvernement-de-l-ontario\/","title":{"rendered":"L&rsquo;Ontario suspend les expulsions commerciales\u00a0(Gouvernement de l&rsquo;Ontario)"},"content":{"rendered":"<p>Gouvernement de l&rsquo;Ontario &#8211;&nbsp;TORONTO \u2014 Le gouvernement de l&rsquo;Ontario a adopt\u00e9 aujourd&rsquo;hui la&nbsp;Loi de 2020 visant \u00e0 prot\u00e9ger les petites entreprises, qui suspend ou annule les expulsions de locataires commerciaux et fait en sorte que ceux-ci conserveront l&rsquo;acc\u00e8s \u00e0 leurs locaux et ne pourront voir leurs biens saisis pendant la pand\u00e9mie de COVID-19. Cette loi s&rsquo;applique aux entreprises admissibles \u00e0 l&rsquo;aide au loyer f\u00e9d\u00e9rale-provinciale dans le cas des expulsions qui ont lieu au cours de la p\u00e9riode allant du 1er&nbsp;mai au 31&nbsp;ao\u00fbt 2020.<\/p>\n<p>\u00ab&nbsp;Nous savons que la COVID-19 a eu de graves r\u00e9percussions sur les petites entreprises, qui sont le pilier de notre \u00e9conomie&nbsp;\u00bb, a d\u00e9clar\u00e9 Steve Clark, ministre des Affaires municipales et du Logement. \u00ab&nbsp;Cette loi nous permet de prot\u00e9ger ces petites entreprises et de les aider de se remettre sur pied, afin qu&rsquo;elles puissent continuer \u00e0 cr\u00e9er des emplois et contribuer \u00e0 la relance de l&rsquo;\u00e9conomie provinciale.&nbsp;\u00bb<\/p>\n<p>\u200bPOUR EN SAVOIR PLUS:&nbsp;<a href=\"https:\/\/news.ontario.ca\/mma\/fr\/2020\/06\/lontario-suspend-les-expulsions-commerciales.html\">https:\/\/news.ontario.ca\/mma\/fr\/2020\/06\/lontario-suspend-les-expulsions-commerciales.html<\/a><\/p>\n","protected":false},"excerpt":{"rendered":"<p>Gouvernement de l&rsquo;Ontario &#8211;&nbsp;TORONTO \u2014 Le gouvernement de l&rsquo;Ontario a adopt\u00e9 aujourd&rsquo;hui la&nbsp;Loi de 2020 visant \u00e0 prot\u00e9ger les petites entreprises, qui suspend ou annule les expulsions de locataires commerciaux et fait en sorte que ceux-ci conserveront l&rsquo;acc\u00e8s \u00e0 leurs locaux et ne pourront voir leurs biens saisis pendant la pand\u00e9mie de COVID-19.<\/p>\n","protected":false},"author":3,"featured_media":0,"comment_status":"open","ping_status":"open","sticky":false,"template":"","format":"standard","meta":{"inline_featured_image":false},"categories":[39109],"tags":[],"legal-topic":[],"yoast_head":"<!-- This site is optimized with the Yoast SEO plugin v19.14 - https:\/\/yoast.com\/wordpress\/plugins\/seo\/ -->\n<title>L&#039;Ontario suspend les expulsions commerciales\u00a0(Gouvernement de l&#039;Ontario) - Steps to justice<\/title>\n<meta name=\"description\" content=\"Gouvernement de l&#039;Ontario -&nbsp;TORONTO \u2014 Le gouvernement de l&#039;Ontario a adopt\u00e9 aujourd&#039;hui la&nbsp;Loi de 2020 visant \u00e0 prot\u00e9ger les petites\" \/>\n<meta name=\"robots\" content=\"noindex, follow, max-snippet:-1, max-image-preview:large, max-video-preview:-1\" \/>\n<meta property=\"og:locale\" content=\"fr_FR\" \/>\n<meta property=\"og:type\" content=\"article\" \/>\n<meta property=\"og:title\" content=\"L&#039;Ontario suspend les expulsions commerciales\u00a0(Gouvernement de l&#039;Ontario) - Steps to justice\" \/>\n<meta property=\"og:description\" content=\"Gouvernement de l&#039;Ontario -&nbsp;TORONTO \u2014 Le gouvernement de l&#039;Ontario a adopt\u00e9 aujourd&#039;hui la&nbsp;Loi de 2020 visant \u00e0 prot\u00e9ger les petites\" \/>\n<meta property=\"og:url\" content=\"https:\/\/newsite.stepstojustice.ca\/fr\/news\/l-ontario-suspend-les-expulsions-commerciales-gouvernement-de-l-ontario\/\" \/>\n<meta property=\"og:site_name\" content=\"Steps to justice\" \/>\n<meta property=\"article:published_time\" content=\"-0001-11-30T00:00:00+00:00\" \/>\n<meta property=\"article:modified_time\" content=\"2020-06-19T14:49:56+00:00\" \/>\n<meta name=\"author\" content=\"CLEO\" \/>\n<meta name=\"twitter:card\" content=\"summary_large_image\" \/>\n<meta name=\"twitter:label1\" content=\"\u00c9crit par\" \/>\n\t<meta name=\"twitter:data1\" content=\"CLEO\" \/>\n\t<meta name=\"twitter:label2\" content=\"Dur\u00e9e de lecture estim\u00e9e\" \/>\n\t<meta name=\"twitter:data2\" content=\"1 minute\" \/>\n<script type=\"application\/ld+json\" class=\"yoast-schema-graph\">{\"@context\":\"https:\/\/schema.org\",\"@graph\":[{\"@type\":\"WebPage\",\"@id\":\"https:\/\/newsite.stepstojustice.ca\/fr\/news\/l-ontario-suspend-les-expulsions-commerciales-gouvernement-de-l-ontario\/\",\"url\":\"https:\/\/newsite.stepstojustice.ca\/fr\/news\/l-ontario-suspend-les-expulsions-commerciales-gouvernement-de-l-ontario\/\",\"name\":\"L'Ontario suspend les expulsions commerciales\u00a0(Gouvernement de l'Ontario) - Steps to justice\",\"isPartOf\":{\"@id\":\"https:\/\/newsite.stepstojustice.ca\/fr\/#website\"},\"datePublished\":\"-0001-11-30T00:00:00+00:00\",\"dateModified\":\"2020-06-19T14:49:56+00:00\",\"author\":{\"@id\":\"https:\/\/newsite.stepstojustice.ca\/fr\/#\/schema\/person\/6ad73b2e76f5b3cfc07598ad8918ba4d\"},\"description\":\"Gouvernement de l'Ontario -&nbsp;TORONTO \u2014 Le gouvernement de l'Ontario a adopt\u00e9 aujourd'hui la&nbsp;Loi de 2020 visant \u00e0 prot\u00e9ger les petites\",\"breadcrumb\":{\"@id\":\"https:\/\/newsite.stepstojustice.ca\/fr\/news\/l-ontario-suspend-les-expulsions-commerciales-gouvernement-de-l-ontario\/#breadcrumb\"},\"inLanguage\":\"fr-FR\",\"potentialAction\":[{\"@type\":\"ReadAction\",\"target\":[\"https:\/\/newsite.stepstojustice.ca\/fr\/news\/l-ontario-suspend-les-expulsions-commerciales-gouvernement-de-l-ontario\/\"]}]},{\"@type\":\"BreadcrumbList\",\"@id\":\"https:\/\/newsite.stepstojustice.ca\/fr\/news\/l-ontario-suspend-les-expulsions-commerciales-gouvernement-de-l-ontario\/#breadcrumb\",\"itemListElement\":[{\"@type\":\"ListItem\",\"position\":1,\"name\":\"Home\",\"item\":\"https:\/\/newsite.stepstojustice.ca\/fr\/\"},{\"@type\":\"ListItem\",\"position\":2,\"name\":\"L&rsquo;Ontario suspend les expulsions commerciales\u00a0(Gouvernement de l&rsquo;Ontario)\"}]},{\"@type\":\"WebSite\",\"@id\":\"https:\/\/newsite.stepstojustice.ca\/fr\/#website\",\"url\":\"https:\/\/newsite.stepstojustice.ca\/fr\/\",\"name\":\"Steps to justice\",\"description\":\"Step-by-step information about legal problems\",\"potentialAction\":[{\"@type\":\"SearchAction\",\"target\":{\"@type\":\"EntryPoint\",\"urlTemplate\":\"https:\/\/newsite.stepstojustice.ca\/fr\/?s={search_term_string}\"},\"query-input\":\"required name=search_term_string\"}],\"inLanguage\":\"fr-FR\"},{\"@type\":\"Person\",\"@id\":\"https:\/\/newsite.stepstojustice.ca\/fr\/#\/schema\/person\/6ad73b2e76f5b3cfc07598ad8918ba4d\",\"name\":\"CLEO\",\"image\":{\"@type\":\"ImageObject\",\"inLanguage\":\"fr-FR\",\"@id\":\"https:\/\/newsite.stepstojustice.ca\/fr\/#\/schema\/person\/image\/\",\"url\":\"https:\/\/secure.gravatar.com\/avatar\/1ca94e85c3ccc165a31c5dc61eb4279e?s=96&d=mm&r=g\",\"contentUrl\":\"https:\/\/secure.gravatar.com\/avatar\/1ca94e85c3ccc165a31c5dc61eb4279e?s=96&d=mm&r=g\",\"caption\":\"CLEO\"}}]}<\/script>\n<!-- \/ Yoast SEO plugin. -->","yoast_head_json":{"title":"L'Ontario suspend les expulsions commerciales\u00a0(Gouvernement de l'Ontario) - Steps to justice","description":"Gouvernement de l'Ontario -&nbsp;TORONTO \u2014 Le gouvernement de l'Ontario a adopt\u00e9 aujourd'hui la&nbsp;Loi de 2020 visant \u00e0 prot\u00e9ger les petites","robots":{"index":"noindex","follow":"follow","max-snippet":"max-snippet:-1","max-image-preview":"max-image-preview:large","max-video-preview":"max-video-preview:-1"},"og_locale":"fr_FR","og_type":"article","og_title":"L'Ontario suspend les expulsions commerciales\u00a0(Gouvernement de l'Ontario) - Steps to justice","og_description":"Gouvernement de l'Ontario -&nbsp;TORONTO \u2014 Le gouvernement de l'Ontario a adopt\u00e9 aujourd'hui la&nbsp;Loi de 2020 visant \u00e0 prot\u00e9ger les petites","og_url":"https:\/\/newsite.stepstojustice.ca\/fr\/news\/l-ontario-suspend-les-expulsions-commerciales-gouvernement-de-l-ontario\/","og_site_name":"Steps to justice","article_published_time":"-0001-11-30T00:00:00+00:00","article_modified_time":"2020-06-19T14:49:56+00:00","author":"CLEO","twitter_card":"summary_large_image","twitter_misc":{"\u00c9crit par":"CLEO","Dur\u00e9e de lecture estim\u00e9e":"1 minute"},"schema":{"@context":"https:\/\/schema.org","@graph":[{"@type":"WebPage","@id":"https:\/\/newsite.stepstojustice.ca\/fr\/news\/l-ontario-suspend-les-expulsions-commerciales-gouvernement-de-l-ontario\/","url":"https:\/\/newsite.stepstojustice.ca\/fr\/news\/l-ontario-suspend-les-expulsions-commerciales-gouvernement-de-l-ontario\/","name":"L'Ontario suspend les expulsions commerciales\u00a0(Gouvernement de l'Ontario) - Steps to justice","isPartOf":{"@id":"https:\/\/newsite.stepstojustice.ca\/fr\/#website"},"datePublished":"-0001-11-30T00:00:00+00:00","dateModified":"2020-06-19T14:49:56+00:00","author":{"@id":"https:\/\/newsite.stepstojustice.ca\/fr\/#\/schema\/person\/6ad73b2e76f5b3cfc07598ad8918ba4d"},"description":"Gouvernement de l'Ontario -&nbsp;TORONTO \u2014 Le gouvernement de l'Ontario a adopt\u00e9 aujourd'hui la&nbsp;Loi de 2020 visant \u00e0 prot\u00e9ger les petites","breadcrumb":{"@id":"https:\/\/newsite.stepstojustice.ca\/fr\/news\/l-ontario-suspend-les-expulsions-commerciales-gouvernement-de-l-ontario\/#breadcrumb"},"inLanguage":"fr-FR","potentialAction":[{"@type":"ReadAction","target":["https:\/\/newsite.stepstojustice.ca\/fr\/news\/l-ontario-suspend-les-expulsions-commerciales-gouvernement-de-l-ontario\/"]}]},{"@type":"BreadcrumbList","@id":"https:\/\/newsite.stepstojustice.ca\/fr\/news\/l-ontario-suspend-les-expulsions-commerciales-gouvernement-de-l-ontario\/#breadcrumb","itemListElement":[{"@type":"ListItem","position":1,"name":"Home","item":"https:\/\/newsite.stepstojustice.ca\/fr\/"},{"@type":"ListItem","position":2,"name":"L&rsquo;Ontario suspend les expulsions commerciales\u00a0(Gouvernement de l&rsquo;Ontario)"}]},{"@type":"WebSite","@id":"https:\/\/newsite.stepstojustice.ca\/fr\/#website","url":"https:\/\/newsite.stepstojustice.ca\/fr\/","name":"Steps to justice","description":"Step-by-step information about legal problems","potentialAction":[{"@type":"SearchAction","target":{"@type":"EntryPoint","urlTemplate":"https:\/\/newsite.stepstojustice.ca\/fr\/?s={search_term_string}"},"query-input":"required name=search_term_string"}],"inLanguage":"fr-FR"},{"@type":"Person","@id":"https:\/\/newsite.stepstojustice.ca\/fr\/#\/schema\/person\/6ad73b2e76f5b3cfc07598ad8918ba4d","name":"CLEO","image":{"@type":"ImageObject","inLanguage":"fr-FR","@id":"https:\/\/newsite.stepstojustice.ca\/fr\/#\/schema\/person\/image\/","url":"https:\/\/secure.gravatar.com\/avatar\/1ca94e85c3ccc165a31c5dc61eb4279e?s=96&d=mm&r=g","contentUrl":"https:\/\/secure.gravatar.com\/avatar\/1ca94e85c3ccc165a31c5dc61eb4279e?s=96&d=mm&r=g","caption":"CLEO"}}]}},"meta_box":{"blog_image_type":""},"_links":{"self":[{"href":"https:\/\/newsite.stepstojustice.ca\/fr\/wp-json\/wp\/v2\/post\/1180364"}],"collection":[{"href":"https:\/\/newsite.stepstojustice.ca\/fr\/wp-json\/wp\/v2\/post"}],"about":[{"href":"https:\/\/newsite.stepstojustice.ca\/fr\/wp-json\/wp\/v2\/types\/post"}],"author":[{"embeddable":true,"href":"https:\/\/newsite.stepstojustice.ca\/fr\/wp-json\/wp\/v2\/users\/3"}],"replies":[{"embeddable":true,"href":"https:\/\/newsite.stepstojustice.ca\/fr\/wp-json\/wp\/v2\/comments?post=1180364"}],"version-history":[{"count":0,"href":"https:\/\/newsite.stepstojustice.ca\/fr\/wp-json\/wp\/v2\/post\/1180364\/revisions"}],"wp:attachment":[{"href":"https:\/\/newsite.stepstojustice.ca\/fr\/wp-json\/wp\/v2\/media?parent=1180364"}],"wp:term":[{"taxonomy":"category","embeddable":true,"href":"https:\/\/newsite.stepstojustice.ca\/fr\/wp-json\/wp\/v2\/categories?post=1180364"},{"taxonomy":"post_tag","embeddable":true,"href":"https:\/\/newsite.stepstojustice.ca\/fr\/wp-json\/wp\/v2\/tags?post=1180364"},{"taxonomy":"legal-topic","embeddable":true,"href":"https:\/\/newsite.stepstojustice.ca\/fr\/wp-json\/wp\/v2\/legal-topic?post=1180364"}],"curies":[{"name":"wp","href":"https:\/\/api.w.org\/{rel}","templated":true}]}}