{"id":1180361,"date":"2019-02-14T16:28:56","date_gmt":"2019-02-14T21:28:56","guid":{"rendered":""},"modified":"2020-06-02T05:03:26","modified_gmt":"2020-06-02T05:03:26","slug":"droit-de-l-immigration-modifications-relatives-aux-situations-particuli-res-et-inhabituelles-de-d-tresse","status":"publish","type":"post","link":"https:\/\/newsite.stepstojustice.ca\/fr\/news\/droit-de-l-immigration-modifications-relatives-aux-situations-particuli-res-et-inhabituelles-de-d-tresse\/","title":{"rendered":"Droit de l&rsquo;immigration : modifications relatives aux situations particuli\u00e8res et inhabituelles de d\u00e9tresse"},"content":{"rendered":"<p>Justice pas-\u00e0-pas a mis \u00e0 jour des informations suite \u00e0 la d\u00e9cision de la Cour f\u00e9d\u00e9rale qui pr\u00e9cise que les personnes qui demandent la citoyennet\u00e9 et qui font face \u00e0 \u00ab des situations particuli\u00e8res et inhabituelles de d\u00e9tresse \u00bb peuvent <a href=\"https:\/\/stepstojustice.ca\/fr\/questions\/immigration\/je-suis-r%C3%A9sident-permanent-comment-faire-une-demande-de-citoyennet%C3%A9-canadienne\">demander une dispense des frais<\/a>.<\/p>\n","protected":false},"excerpt":{"rendered":"<p>Justice pas-\u00e0-pas a mis \u00e0 jour des informations suite \u00e0 la d\u00e9cision de la Cour f\u00e9d\u00e9rale qui pr\u00e9cise que les personnes qui demandent la citoyennet\u00e9 et qui font face \u00e0 \u00ab des situations particuli\u00e8res et inhabituelles de d\u00e9tresse \u00bb peuvent <a href=\"https:\/\/stepstojustice.ca\/fr\/questions\/immigration\/je-suis-r%C3%A9sident-permanent-comment-faire-une-demande-de-citoyennet%C3%A9-canadienne\">demander une dispense des frais<\/a>.<\/p>\n","protected":false},"author":3,"featured_media":0,"comment_status":"open","ping_status":"open","sticky":false,"template":"","format":"standard","meta":{"inline_featured_image":false},"categories":[],"tags":[],"legal-topic":[42150,42410],"yoast_head":"<!-- This site is optimized with the Yoast SEO plugin v19.14 - https:\/\/yoast.com\/wordpress\/plugins\/seo\/ -->\n<title>Droit de l&#039;immigration : modifications relatives aux situations particuli\u00e8res et inhabituelles de d\u00e9tresse - Steps to justice<\/title>\n<meta name=\"description\" content=\"Justice pas-\u00e0-pas a mis \u00e0 jour des informations suite \u00e0 la d\u00e9cision de la Cour f\u00e9d\u00e9rale qui pr\u00e9cise que les personnes qui demandent la citoyennet\u00e9 et qui\" \/>\n<meta name=\"robots\" content=\"noindex, follow, max-snippet:-1, max-image-preview:large, max-video-preview:-1\" \/>\n<meta property=\"og:locale\" content=\"fr_FR\" \/>\n<meta property=\"og:type\" content=\"article\" \/>\n<meta property=\"og:title\" content=\"Droit de l&#039;immigration : modifications relatives aux situations particuli\u00e8res et inhabituelles de d\u00e9tresse - Steps to justice\" \/>\n<meta property=\"og:description\" content=\"Justice pas-\u00e0-pas a mis \u00e0 jour des informations suite \u00e0 la d\u00e9cision de la Cour f\u00e9d\u00e9rale qui pr\u00e9cise que les personnes qui demandent la citoyennet\u00e9 et qui\" \/>\n<meta property=\"og:url\" content=\"https:\/\/newsite.stepstojustice.ca\/fr\/news\/droit-de-l-immigration-modifications-relatives-aux-situations-particuli-res-et-inhabituelles-de-d-tresse\/\" \/>\n<meta property=\"og:site_name\" content=\"Steps to justice\" \/>\n<meta property=\"article:published_time\" content=\"-0001-11-30T00:00:00+00:00\" \/>\n<meta property=\"article:modified_time\" content=\"2020-06-02T05:03:26+00:00\" \/>\n<meta name=\"author\" content=\"CLEO\" \/>\n<meta name=\"twitter:card\" content=\"summary_large_image\" \/>\n<meta name=\"twitter:label1\" content=\"\u00c9crit par\" \/>\n\t<meta name=\"twitter:data1\" content=\"CLEO\" \/>\n<script type=\"application\/ld+json\" class=\"yoast-schema-graph\">{\"@context\":\"https:\/\/schema.org\",\"@graph\":[{\"@type\":\"WebPage\",\"@id\":\"https:\/\/newsite.stepstojustice.ca\/fr\/news\/droit-de-l-immigration-modifications-relatives-aux-situations-particuli-res-et-inhabituelles-de-d-tresse\/\",\"url\":\"https:\/\/newsite.stepstojustice.ca\/fr\/news\/droit-de-l-immigration-modifications-relatives-aux-situations-particuli-res-et-inhabituelles-de-d-tresse\/\",\"name\":\"Droit de l'immigration : modifications relatives aux situations particuli\u00e8res et inhabituelles de d\u00e9tresse - Steps to justice\",\"isPartOf\":{\"@id\":\"https:\/\/newsite.stepstojustice.ca\/fr\/#website\"},\"datePublished\":\"-0001-11-30T00:00:00+00:00\",\"dateModified\":\"2020-06-02T05:03:26+00:00\",\"author\":{\"@id\":\"https:\/\/newsite.stepstojustice.ca\/fr\/#\/schema\/person\/6ad73b2e76f5b3cfc07598ad8918ba4d\"},\"description\":\"Justice pas-\u00e0-pas a mis \u00e0 jour des informations suite \u00e0 la d\u00e9cision de la Cour f\u00e9d\u00e9rale qui pr\u00e9cise que les personnes qui demandent la citoyennet\u00e9 et qui\",\"breadcrumb\":{\"@id\":\"https:\/\/newsite.stepstojustice.ca\/fr\/news\/droit-de-l-immigration-modifications-relatives-aux-situations-particuli-res-et-inhabituelles-de-d-tresse\/#breadcrumb\"},\"inLanguage\":\"fr-FR\",\"potentialAction\":[{\"@type\":\"ReadAction\",\"target\":[\"https:\/\/newsite.stepstojustice.ca\/fr\/news\/droit-de-l-immigration-modifications-relatives-aux-situations-particuli-res-et-inhabituelles-de-d-tresse\/\"]}]},{\"@type\":\"BreadcrumbList\",\"@id\":\"https:\/\/newsite.stepstojustice.ca\/fr\/news\/droit-de-l-immigration-modifications-relatives-aux-situations-particuli-res-et-inhabituelles-de-d-tresse\/#breadcrumb\",\"itemListElement\":[{\"@type\":\"ListItem\",\"position\":1,\"name\":\"Home\",\"item\":\"https:\/\/newsite.stepstojustice.ca\/fr\/\"},{\"@type\":\"ListItem\",\"position\":2,\"name\":\"Droit de l&rsquo;immigration : modifications relatives aux situations particuli\u00e8res et inhabituelles de d\u00e9tresse\"}]},{\"@type\":\"WebSite\",\"@id\":\"https:\/\/newsite.stepstojustice.ca\/fr\/#website\",\"url\":\"https:\/\/newsite.stepstojustice.ca\/fr\/\",\"name\":\"Steps to justice\",\"description\":\"Step-by-step information about legal problems\",\"potentialAction\":[{\"@type\":\"SearchAction\",\"target\":{\"@type\":\"EntryPoint\",\"urlTemplate\":\"https:\/\/newsite.stepstojustice.ca\/fr\/?s={search_term_string}\"},\"query-input\":\"required name=search_term_string\"}],\"inLanguage\":\"fr-FR\"},{\"@type\":\"Person\",\"@id\":\"https:\/\/newsite.stepstojustice.ca\/fr\/#\/schema\/person\/6ad73b2e76f5b3cfc07598ad8918ba4d\",\"name\":\"CLEO\",\"image\":{\"@type\":\"ImageObject\",\"inLanguage\":\"fr-FR\",\"@id\":\"https:\/\/newsite.stepstojustice.ca\/fr\/#\/schema\/person\/image\/\",\"url\":\"https:\/\/secure.gravatar.com\/avatar\/1ca94e85c3ccc165a31c5dc61eb4279e?s=96&d=mm&r=g\",\"contentUrl\":\"https:\/\/secure.gravatar.com\/avatar\/1ca94e85c3ccc165a31c5dc61eb4279e?s=96&d=mm&r=g\",\"caption\":\"CLEO\"}}]}<\/script>\n<!-- \/ Yoast SEO plugin. -->","yoast_head_json":{"title":"Droit de l'immigration : modifications relatives aux situations particuli\u00e8res et inhabituelles de d\u00e9tresse - Steps to justice","description":"Justice pas-\u00e0-pas a mis \u00e0 jour des informations suite \u00e0 la d\u00e9cision de la Cour f\u00e9d\u00e9rale qui pr\u00e9cise que les personnes qui demandent la citoyennet\u00e9 et qui","robots":{"index":"noindex","follow":"follow","max-snippet":"max-snippet:-1","max-image-preview":"max-image-preview:large","max-video-preview":"max-video-preview:-1"},"og_locale":"fr_FR","og_type":"article","og_title":"Droit de l'immigration : modifications relatives aux situations particuli\u00e8res et inhabituelles de d\u00e9tresse - Steps to justice","og_description":"Justice pas-\u00e0-pas a mis \u00e0 jour des informations suite \u00e0 la d\u00e9cision de la Cour f\u00e9d\u00e9rale qui pr\u00e9cise que les personnes qui demandent la citoyennet\u00e9 et qui","og_url":"https:\/\/newsite.stepstojustice.ca\/fr\/news\/droit-de-l-immigration-modifications-relatives-aux-situations-particuli-res-et-inhabituelles-de-d-tresse\/","og_site_name":"Steps to justice","article_published_time":"-0001-11-30T00:00:00+00:00","article_modified_time":"2020-06-02T05:03:26+00:00","author":"CLEO","twitter_card":"summary_large_image","twitter_misc":{"\u00c9crit par":"CLEO"},"schema":{"@context":"https:\/\/schema.org","@graph":[{"@type":"WebPage","@id":"https:\/\/newsite.stepstojustice.ca\/fr\/news\/droit-de-l-immigration-modifications-relatives-aux-situations-particuli-res-et-inhabituelles-de-d-tresse\/","url":"https:\/\/newsite.stepstojustice.ca\/fr\/news\/droit-de-l-immigration-modifications-relatives-aux-situations-particuli-res-et-inhabituelles-de-d-tresse\/","name":"Droit de l'immigration : modifications relatives aux situations particuli\u00e8res et inhabituelles de d\u00e9tresse - Steps to justice","isPartOf":{"@id":"https:\/\/newsite.stepstojustice.ca\/fr\/#website"},"datePublished":"-0001-11-30T00:00:00+00:00","dateModified":"2020-06-02T05:03:26+00:00","author":{"@id":"https:\/\/newsite.stepstojustice.ca\/fr\/#\/schema\/person\/6ad73b2e76f5b3cfc07598ad8918ba4d"},"description":"Justice pas-\u00e0-pas a mis \u00e0 jour des informations suite \u00e0 la d\u00e9cision de la Cour f\u00e9d\u00e9rale qui pr\u00e9cise que les personnes qui demandent la citoyennet\u00e9 et qui","breadcrumb":{"@id":"https:\/\/newsite.stepstojustice.ca\/fr\/news\/droit-de-l-immigration-modifications-relatives-aux-situations-particuli-res-et-inhabituelles-de-d-tresse\/#breadcrumb"},"inLanguage":"fr-FR","potentialAction":[{"@type":"ReadAction","target":["https:\/\/newsite.stepstojustice.ca\/fr\/news\/droit-de-l-immigration-modifications-relatives-aux-situations-particuli-res-et-inhabituelles-de-d-tresse\/"]}]},{"@type":"BreadcrumbList","@id":"https:\/\/newsite.stepstojustice.ca\/fr\/news\/droit-de-l-immigration-modifications-relatives-aux-situations-particuli-res-et-inhabituelles-de-d-tresse\/#breadcrumb","itemListElement":[{"@type":"ListItem","position":1,"name":"Home","item":"https:\/\/newsite.stepstojustice.ca\/fr\/"},{"@type":"ListItem","position":2,"name":"Droit de l&rsquo;immigration : modifications relatives aux situations particuli\u00e8res et inhabituelles de d\u00e9tresse"}]},{"@type":"WebSite","@id":"https:\/\/newsite.stepstojustice.ca\/fr\/#website","url":"https:\/\/newsite.stepstojustice.ca\/fr\/","name":"Steps to justice","description":"Step-by-step information about legal problems","potentialAction":[{"@type":"SearchAction","target":{"@type":"EntryPoint","urlTemplate":"https:\/\/newsite.stepstojustice.ca\/fr\/?s={search_term_string}"},"query-input":"required name=search_term_string"}],"inLanguage":"fr-FR"},{"@type":"Person","@id":"https:\/\/newsite.stepstojustice.ca\/fr\/#\/schema\/person\/6ad73b2e76f5b3cfc07598ad8918ba4d","name":"CLEO","image":{"@type":"ImageObject","inLanguage":"fr-FR","@id":"https:\/\/newsite.stepstojustice.ca\/fr\/#\/schema\/person\/image\/","url":"https:\/\/secure.gravatar.com\/avatar\/1ca94e85c3ccc165a31c5dc61eb4279e?s=96&d=mm&r=g","contentUrl":"https:\/\/secure.gravatar.com\/avatar\/1ca94e85c3ccc165a31c5dc61eb4279e?s=96&d=mm&r=g","caption":"CLEO"}}]}},"meta_box":{"blog_image_type":""},"_links":{"self":[{"href":"https:\/\/newsite.stepstojustice.ca\/fr\/wp-json\/wp\/v2\/post\/1180361"}],"collection":[{"href":"https:\/\/newsite.stepstojustice.ca\/fr\/wp-json\/wp\/v2\/post"}],"about":[{"href":"https:\/\/newsite.stepstojustice.ca\/fr\/wp-json\/wp\/v2\/types\/post"}],"author":[{"embeddable":true,"href":"https:\/\/newsite.stepstojustice.ca\/fr\/wp-json\/wp\/v2\/users\/3"}],"replies":[{"embeddable":true,"href":"https:\/\/newsite.stepstojustice.ca\/fr\/wp-json\/wp\/v2\/comments?post=1180361"}],"version-history":[{"count":0,"href":"https:\/\/newsite.stepstojustice.ca\/fr\/wp-json\/wp\/v2\/post\/1180361\/revisions"}],"wp:attachment":[{"href":"https:\/\/newsite.stepstojustice.ca\/fr\/wp-json\/wp\/v2\/media?parent=1180361"}],"wp:term":[{"taxonomy":"category","embeddable":true,"href":"https:\/\/newsite.stepstojustice.ca\/fr\/wp-json\/wp\/v2\/categories?post=1180361"},{"taxonomy":"post_tag","embeddable":true,"href":"https:\/\/newsite.stepstojustice.ca\/fr\/wp-json\/wp\/v2\/tags?post=1180361"},{"taxonomy":"legal-topic","embeddable":true,"href":"https:\/\/newsite.stepstojustice.ca\/fr\/wp-json\/wp\/v2\/legal-topic?post=1180361"}],"curies":[{"name":"wp","href":"https:\/\/api.w.org\/{rel}","templated":true}]}}