{"id":1180359,"date":"2019-03-25T17:45:56","date_gmt":"2019-03-25T21:45:56","guid":{"rendered":""},"modified":"2020-06-02T05:03:24","modified_gmt":"2020-06-02T05:03:24","slug":"droits-de-la-personne-les-entrepreneurs-ind-pendants-ayant-un-handicap-et-les-personnes-transgenres-ou-non-binaires","status":"publish","type":"post","link":"https:\/\/newsite.stepstojustice.ca\/fr\/news\/droits-de-la-personne-les-entrepreneurs-ind-pendants-ayant-un-handicap-et-les-personnes-transgenres-ou-non-binaires\/","title":{"rendered":"Droits de la personne: les entrepreneurs ind\u00e9pendants ayant un handicap et les personnes transgenres ou non binaires"},"content":{"rendered":"<p>Justice pas-\u00e0-pas fournit maintenant des informations sur les droits de la personne au travail pour <a href=\"https:\/\/cleo.us4.list-manage.com\/track\/click?u=acaece29df8d07c95ef84a763&amp;id=85f22eb54c&amp;e=63ebc9e633\" target=\"_blank\">les entrepreneurs ind\u00e9pendants ayant un handicap<\/a> et pour <a href=\"https:\/\/cleo.us4.list-manage.com\/track\/click?u=acaece29df8d07c95ef84a763&amp;id=89e5121d4f&amp;e=63ebc9e633\" target=\"_blank\">les personnes qui s&rsquo;identifient comme transgenres ou non binaires<\/a>.<\/p>\n<p>Steps to Justice also has information about human rights at work for <a href=\"https:\/\/cleo.us4.list-manage.com\/track\/click?u=acaece29df8d07c95ef84a763&amp;id=7f01af6b17&amp;e=63ebc9e633\" target=\"_blank\">independent contractors with a disability<\/a>, and for <a href=\"https:\/\/cleo.us4.list-manage.com\/track\/click?u=acaece29df8d07c95ef84a763&amp;id=fb4ab5d15c&amp;e=63ebc9e633\" target=\"_blank\">people who identify as transgender or non-binary<\/a><\/p>\n","protected":false},"excerpt":{"rendered":"<p>Justice pas-\u00e0-pas fournit maintenant des informations sur les droits de la personne au travail pour <a href=\"https:\/\/cleo.us4.list-manage.com\/track\/click?u=acaece29df8d07c95ef84a763&amp;id=85f22eb54c&amp;e=63ebc9e633\" target=\"_blank\">les entrepreneurs ind\u00e9pendants ayant un handicap<\/a> et pour <a href=\"https:\/\/cleo.us4.list-manage.com\/track\/click?u=acaece29df8d07c95ef84a763&amp;id=89e5121d4f&amp;e=63ebc9e633\" target=\"_blank\">les personnes qui s&rsquo;identifient comme transgenres ou non binaires<\/a>.<br \/>\nSteps to Justice also has information about human rights at work for <a href=\"https:\/\/cleo.us4.list-manage.com\/track\/click?u=acaece29df8d07c95ef84a763&amp;id=7f01af6b17&amp;e=63ebc9e633\" target=\"_blank\">independent contractors with a disability<\/a>,<\/p>\n","protected":false},"author":3,"featured_media":0,"comment_status":"open","ping_status":"open","sticky":false,"template":"","format":"standard","meta":{"inline_featured_image":false},"categories":[],"tags":[],"legal-topic":[42145,42240],"yoast_head":"<!-- This site is optimized with the Yoast SEO plugin v19.14 - https:\/\/yoast.com\/wordpress\/plugins\/seo\/ -->\n<title>Droits de la personne: les entrepreneurs ind\u00e9pendants ayant un handicap et les personnes transgenres ou non binaires - Steps to justice<\/title>\n<meta name=\"description\" content=\"Justice pas-\u00e0-pas fournit maintenant des informations sur les droits de la personne au travail pour les entrepreneurs ind\u00e9pendants ayant un handicap et\" \/>\n<meta name=\"robots\" content=\"noindex, follow, max-snippet:-1, max-image-preview:large, max-video-preview:-1\" \/>\n<meta property=\"og:locale\" content=\"fr_FR\" \/>\n<meta property=\"og:type\" content=\"article\" \/>\n<meta property=\"og:title\" content=\"Droits de la personne: les entrepreneurs ind\u00e9pendants ayant un handicap et les personnes transgenres ou non binaires - Steps to justice\" \/>\n<meta property=\"og:description\" content=\"Justice pas-\u00e0-pas fournit maintenant des informations sur les droits de la personne au travail pour les entrepreneurs ind\u00e9pendants ayant un handicap et\" \/>\n<meta property=\"og:url\" content=\"https:\/\/newsite.stepstojustice.ca\/fr\/news\/droits-de-la-personne-les-entrepreneurs-ind-pendants-ayant-un-handicap-et-les-personnes-transgenres-ou-non-binaires\/\" \/>\n<meta property=\"og:site_name\" content=\"Steps to justice\" \/>\n<meta property=\"article:published_time\" content=\"-0001-11-30T00:00:00+00:00\" \/>\n<meta property=\"article:modified_time\" content=\"2020-06-02T05:03:24+00:00\" \/>\n<meta name=\"author\" content=\"CLEO\" \/>\n<meta name=\"twitter:card\" content=\"summary_large_image\" \/>\n<meta name=\"twitter:label1\" content=\"\u00c9crit par\" \/>\n\t<meta name=\"twitter:data1\" content=\"CLEO\" \/>\n<script type=\"application\/ld+json\" class=\"yoast-schema-graph\">{\"@context\":\"https:\/\/schema.org\",\"@graph\":[{\"@type\":\"WebPage\",\"@id\":\"https:\/\/newsite.stepstojustice.ca\/fr\/news\/droits-de-la-personne-les-entrepreneurs-ind-pendants-ayant-un-handicap-et-les-personnes-transgenres-ou-non-binaires\/\",\"url\":\"https:\/\/newsite.stepstojustice.ca\/fr\/news\/droits-de-la-personne-les-entrepreneurs-ind-pendants-ayant-un-handicap-et-les-personnes-transgenres-ou-non-binaires\/\",\"name\":\"Droits de la personne: les entrepreneurs ind\u00e9pendants ayant un handicap et les personnes transgenres ou non binaires - Steps to justice\",\"isPartOf\":{\"@id\":\"https:\/\/newsite.stepstojustice.ca\/fr\/#website\"},\"datePublished\":\"-0001-11-30T00:00:00+00:00\",\"dateModified\":\"2020-06-02T05:03:24+00:00\",\"author\":{\"@id\":\"https:\/\/newsite.stepstojustice.ca\/fr\/#\/schema\/person\/6ad73b2e76f5b3cfc07598ad8918ba4d\"},\"description\":\"Justice pas-\u00e0-pas fournit maintenant des informations sur les droits de la personne au travail pour les entrepreneurs ind\u00e9pendants ayant un handicap et\",\"breadcrumb\":{\"@id\":\"https:\/\/newsite.stepstojustice.ca\/fr\/news\/droits-de-la-personne-les-entrepreneurs-ind-pendants-ayant-un-handicap-et-les-personnes-transgenres-ou-non-binaires\/#breadcrumb\"},\"inLanguage\":\"fr-FR\",\"potentialAction\":[{\"@type\":\"ReadAction\",\"target\":[\"https:\/\/newsite.stepstojustice.ca\/fr\/news\/droits-de-la-personne-les-entrepreneurs-ind-pendants-ayant-un-handicap-et-les-personnes-transgenres-ou-non-binaires\/\"]}]},{\"@type\":\"BreadcrumbList\",\"@id\":\"https:\/\/newsite.stepstojustice.ca\/fr\/news\/droits-de-la-personne-les-entrepreneurs-ind-pendants-ayant-un-handicap-et-les-personnes-transgenres-ou-non-binaires\/#breadcrumb\",\"itemListElement\":[{\"@type\":\"ListItem\",\"position\":1,\"name\":\"Home\",\"item\":\"https:\/\/newsite.stepstojustice.ca\/fr\/\"},{\"@type\":\"ListItem\",\"position\":2,\"name\":\"Droits de la personne: les entrepreneurs ind\u00e9pendants ayant un handicap et les personnes transgenres ou non binaires\"}]},{\"@type\":\"WebSite\",\"@id\":\"https:\/\/newsite.stepstojustice.ca\/fr\/#website\",\"url\":\"https:\/\/newsite.stepstojustice.ca\/fr\/\",\"name\":\"Steps to justice\",\"description\":\"Step-by-step information about legal problems\",\"potentialAction\":[{\"@type\":\"SearchAction\",\"target\":{\"@type\":\"EntryPoint\",\"urlTemplate\":\"https:\/\/newsite.stepstojustice.ca\/fr\/?s={search_term_string}\"},\"query-input\":\"required name=search_term_string\"}],\"inLanguage\":\"fr-FR\"},{\"@type\":\"Person\",\"@id\":\"https:\/\/newsite.stepstojustice.ca\/fr\/#\/schema\/person\/6ad73b2e76f5b3cfc07598ad8918ba4d\",\"name\":\"CLEO\",\"image\":{\"@type\":\"ImageObject\",\"inLanguage\":\"fr-FR\",\"@id\":\"https:\/\/newsite.stepstojustice.ca\/fr\/#\/schema\/person\/image\/\",\"url\":\"https:\/\/secure.gravatar.com\/avatar\/1ca94e85c3ccc165a31c5dc61eb4279e?s=96&d=mm&r=g\",\"contentUrl\":\"https:\/\/secure.gravatar.com\/avatar\/1ca94e85c3ccc165a31c5dc61eb4279e?s=96&d=mm&r=g\",\"caption\":\"CLEO\"}}]}<\/script>\n<!-- \/ Yoast SEO plugin. -->","yoast_head_json":{"title":"Droits de la personne: les entrepreneurs ind\u00e9pendants ayant un handicap et les personnes transgenres ou non binaires - Steps to justice","description":"Justice pas-\u00e0-pas fournit maintenant des informations sur les droits de la personne au travail pour les entrepreneurs ind\u00e9pendants ayant un handicap et","robots":{"index":"noindex","follow":"follow","max-snippet":"max-snippet:-1","max-image-preview":"max-image-preview:large","max-video-preview":"max-video-preview:-1"},"og_locale":"fr_FR","og_type":"article","og_title":"Droits de la personne: les entrepreneurs ind\u00e9pendants ayant un handicap et les personnes transgenres ou non binaires - Steps to justice","og_description":"Justice pas-\u00e0-pas fournit maintenant des informations sur les droits de la personne au travail pour les entrepreneurs ind\u00e9pendants ayant un handicap et","og_url":"https:\/\/newsite.stepstojustice.ca\/fr\/news\/droits-de-la-personne-les-entrepreneurs-ind-pendants-ayant-un-handicap-et-les-personnes-transgenres-ou-non-binaires\/","og_site_name":"Steps to justice","article_published_time":"-0001-11-30T00:00:00+00:00","article_modified_time":"2020-06-02T05:03:24+00:00","author":"CLEO","twitter_card":"summary_large_image","twitter_misc":{"\u00c9crit par":"CLEO"},"schema":{"@context":"https:\/\/schema.org","@graph":[{"@type":"WebPage","@id":"https:\/\/newsite.stepstojustice.ca\/fr\/news\/droits-de-la-personne-les-entrepreneurs-ind-pendants-ayant-un-handicap-et-les-personnes-transgenres-ou-non-binaires\/","url":"https:\/\/newsite.stepstojustice.ca\/fr\/news\/droits-de-la-personne-les-entrepreneurs-ind-pendants-ayant-un-handicap-et-les-personnes-transgenres-ou-non-binaires\/","name":"Droits de la personne: les entrepreneurs ind\u00e9pendants ayant un handicap et les personnes transgenres ou non binaires - Steps to justice","isPartOf":{"@id":"https:\/\/newsite.stepstojustice.ca\/fr\/#website"},"datePublished":"-0001-11-30T00:00:00+00:00","dateModified":"2020-06-02T05:03:24+00:00","author":{"@id":"https:\/\/newsite.stepstojustice.ca\/fr\/#\/schema\/person\/6ad73b2e76f5b3cfc07598ad8918ba4d"},"description":"Justice pas-\u00e0-pas fournit maintenant des informations sur les droits de la personne au travail pour les entrepreneurs ind\u00e9pendants ayant un handicap et","breadcrumb":{"@id":"https:\/\/newsite.stepstojustice.ca\/fr\/news\/droits-de-la-personne-les-entrepreneurs-ind-pendants-ayant-un-handicap-et-les-personnes-transgenres-ou-non-binaires\/#breadcrumb"},"inLanguage":"fr-FR","potentialAction":[{"@type":"ReadAction","target":["https:\/\/newsite.stepstojustice.ca\/fr\/news\/droits-de-la-personne-les-entrepreneurs-ind-pendants-ayant-un-handicap-et-les-personnes-transgenres-ou-non-binaires\/"]}]},{"@type":"BreadcrumbList","@id":"https:\/\/newsite.stepstojustice.ca\/fr\/news\/droits-de-la-personne-les-entrepreneurs-ind-pendants-ayant-un-handicap-et-les-personnes-transgenres-ou-non-binaires\/#breadcrumb","itemListElement":[{"@type":"ListItem","position":1,"name":"Home","item":"https:\/\/newsite.stepstojustice.ca\/fr\/"},{"@type":"ListItem","position":2,"name":"Droits de la personne: les entrepreneurs ind\u00e9pendants ayant un handicap et les personnes transgenres ou non binaires"}]},{"@type":"WebSite","@id":"https:\/\/newsite.stepstojustice.ca\/fr\/#website","url":"https:\/\/newsite.stepstojustice.ca\/fr\/","name":"Steps to justice","description":"Step-by-step information about legal problems","potentialAction":[{"@type":"SearchAction","target":{"@type":"EntryPoint","urlTemplate":"https:\/\/newsite.stepstojustice.ca\/fr\/?s={search_term_string}"},"query-input":"required name=search_term_string"}],"inLanguage":"fr-FR"},{"@type":"Person","@id":"https:\/\/newsite.stepstojustice.ca\/fr\/#\/schema\/person\/6ad73b2e76f5b3cfc07598ad8918ba4d","name":"CLEO","image":{"@type":"ImageObject","inLanguage":"fr-FR","@id":"https:\/\/newsite.stepstojustice.ca\/fr\/#\/schema\/person\/image\/","url":"https:\/\/secure.gravatar.com\/avatar\/1ca94e85c3ccc165a31c5dc61eb4279e?s=96&d=mm&r=g","contentUrl":"https:\/\/secure.gravatar.com\/avatar\/1ca94e85c3ccc165a31c5dc61eb4279e?s=96&d=mm&r=g","caption":"CLEO"}}]}},"meta_box":{"blog_image_type":""},"_links":{"self":[{"href":"https:\/\/newsite.stepstojustice.ca\/fr\/wp-json\/wp\/v2\/post\/1180359"}],"collection":[{"href":"https:\/\/newsite.stepstojustice.ca\/fr\/wp-json\/wp\/v2\/post"}],"about":[{"href":"https:\/\/newsite.stepstojustice.ca\/fr\/wp-json\/wp\/v2\/types\/post"}],"author":[{"embeddable":true,"href":"https:\/\/newsite.stepstojustice.ca\/fr\/wp-json\/wp\/v2\/users\/3"}],"replies":[{"embeddable":true,"href":"https:\/\/newsite.stepstojustice.ca\/fr\/wp-json\/wp\/v2\/comments?post=1180359"}],"version-history":[{"count":0,"href":"https:\/\/newsite.stepstojustice.ca\/fr\/wp-json\/wp\/v2\/post\/1180359\/revisions"}],"wp:attachment":[{"href":"https:\/\/newsite.stepstojustice.ca\/fr\/wp-json\/wp\/v2\/media?parent=1180359"}],"wp:term":[{"taxonomy":"category","embeddable":true,"href":"https:\/\/newsite.stepstojustice.ca\/fr\/wp-json\/wp\/v2\/categories?post=1180359"},{"taxonomy":"post_tag","embeddable":true,"href":"https:\/\/newsite.stepstojustice.ca\/fr\/wp-json\/wp\/v2\/tags?post=1180359"},{"taxonomy":"legal-topic","embeddable":true,"href":"https:\/\/newsite.stepstojustice.ca\/fr\/wp-json\/wp\/v2\/legal-topic?post=1180359"}],"curies":[{"name":"wp","href":"https:\/\/api.w.org\/{rel}","templated":true}]}}