{"id":1180352,"date":"2020-05-06T16:44:25","date_gmt":"2020-05-06T20:44:25","guid":{"rendered":""},"modified":"2020-06-02T05:03:04","modified_gmt":"2020-06-02T05:03:04","slug":"l-ontario-prolonge-la-p-riode-d-all-gement-des-tarifs-d-lectricit-face-la-pand-mie-de-covid-19-gouvernement-de-l-ontario","status":"publish","type":"post","link":"https:\/\/newsite.stepstojustice.ca\/fr\/news\/l-ontario-prolonge-la-p-riode-d-all-gement-des-tarifs-d-lectricit-face-la-pand-mie-de-covid-19-gouvernement-de-l-ontario\/","title":{"rendered":"L&rsquo;Ontario prolonge la p\u00e9riode d&rsquo;all\u00e8gement des tarifs d&rsquo;\u00e9lectricit\u00e9 face \u00e0 la pand\u00e9mie de COVID-19\u00a0(Gouvernement de l\u2019Ontario)"},"content":{"rendered":"<p>Gouvernement de l&rsquo;Ontario &#8211;&nbsp;TORONTO \u2015 Le gouvernement de l&rsquo;Ontario prolonge jusqu&rsquo;au 31&nbsp;mai 2020 la p\u00e9riode d&rsquo;all\u00e8gement des tarifs d&rsquo;\u00e9lectricit\u00e9 pour les familles, les exploitations agricoles et les petites entreprises de la province, afin de les aider \u00e0 faire face aux cons\u00e9quences de la pand\u00e9mie de COVID-19. Les clients assujettis \u00e0 la tarification selon l&rsquo;heure de consommation continueront de b\u00e9n\u00e9ficier 24&nbsp;heures sur 24 et sept jours sur sept du tarif le plus bas, habituellement r\u00e9serv\u00e9 aux p\u00e9riodes creuses. L&rsquo;all\u00e8gement des tarifs d&rsquo;\u00e9lectricit\u00e9, initialement pr\u00e9vu pour une p\u00e9riode de 45&nbsp;jours \u00e0 compter du 24&nbsp;mars 2020, a \u00e9t\u00e9 renouvel\u00e9 en vertu d&rsquo;un nouveau d\u00e9cret d&rsquo;urgence pris en application de la&nbsp;Loi sur la protection civile et la gestion des situations d&rsquo;urgence. La p\u00e9riode de prolongation devrait durer 24&nbsp;jours.&nbsp;<\/p>\n<p>\u00ab\u2009Pendant cette p\u00e9riode sans pr\u00e9c\u00e9dent, de nombreux Ontariens et Ontariennes ont du mal \u00e0 payer leurs factures alors qu&rsquo;ils font leur part pour arr\u00eater la propagation du virus en restant chez eux, a d\u00e9clar\u00e9 le premier ministre Doug Ford. Nos agriculteurs et les propri\u00e9taires d&rsquo;entreprises qui ont ferm\u00e9 ou ont subi une r\u00e9duction du nombre de clients rencontrent les m\u00eames difficult\u00e9s. Nous faisons des progr\u00e8s dans notre lutte contre la pand\u00e9mie, mais nous ne sommes pas encore hors de danger. En prolongeant la p\u00e9riode d&rsquo;all\u00e8gement des tarifs d&rsquo;\u00e9lectricit\u00e9, nous remettons de l&rsquo;argent dans la poche des gens jusqu&rsquo;\u00e0 ce qu&rsquo;ils puissent retourner au travail et que les entreprises puissent rouvrir.\u2009\u00bb<\/p>\n<p>POUR EN SAVOIR PLUS:&nbsp;<a href=\"https:\/\/news.ontario.ca\/opo\/fr\/2020\/05\/lontario-prolonge-la-periode-dallegement-des-tarifs-delectricite-face-a-la-pandemie-de-covid-19.html\" target=\"_blank\">https:\/\/news.ontario.ca\/opo\/fr\/2020\/05\/lontario-prolonge-la-periode-dallegement-des-tarifs-delectricite-face-a-la-pandemie-de-covid-19.html<\/a><\/p>\n","protected":false},"excerpt":{"rendered":"<p>Gouvernement de l&rsquo;Ontario &#8211;&nbsp;TORONTO \u2015 Le gouvernement de l&rsquo;Ontario prolonge jusqu&rsquo;au 31&nbsp;mai 2020 la p\u00e9riode d&rsquo;all\u00e8gement des tarifs d&rsquo;\u00e9lectricit\u00e9 pour les familles, les exploitations agricoles et les petites entreprises de la province, afin de les aider \u00e0 faire face aux cons\u00e9quences de la pand\u00e9mie de COVID-19. Les clients assujettis \u00e0 la tarification selon l&rsquo;heure de consommation continueront de b\u00e9n\u00e9ficier 24&nbsp;heures sur 24 et sept jours sur sept du tarif le plus bas,<\/p>\n","protected":false},"author":3,"featured_media":0,"comment_status":"open","ping_status":"open","sticky":false,"template":"","format":"standard","meta":{"inline_featured_image":false},"categories":[39109],"tags":[],"legal-topic":[],"yoast_head":"<!-- This site is optimized with the Yoast SEO plugin v19.14 - https:\/\/yoast.com\/wordpress\/plugins\/seo\/ -->\n<title>L&#039;Ontario prolonge la p\u00e9riode d&#039;all\u00e8gement des tarifs d&#039;\u00e9lectricit\u00e9 face \u00e0 la pand\u00e9mie de COVID-19\u00a0(Gouvernement de l\u2019Ontario) - Steps to justice<\/title>\n<meta name=\"description\" content=\"Gouvernement de l&#039;Ontario -&nbsp;TORONTO \u2015 Le gouvernement de l&#039;Ontario prolonge jusqu&#039;au 31&nbsp;mai 2020 la p\u00e9riode d&#039;all\u00e8gement des tarifs\" \/>\n<meta name=\"robots\" content=\"noindex, follow, max-snippet:-1, max-image-preview:large, max-video-preview:-1\" \/>\n<meta property=\"og:locale\" content=\"fr_FR\" \/>\n<meta property=\"og:type\" content=\"article\" \/>\n<meta property=\"og:title\" content=\"L&#039;Ontario prolonge la p\u00e9riode d&#039;all\u00e8gement des tarifs d&#039;\u00e9lectricit\u00e9 face \u00e0 la pand\u00e9mie de COVID-19\u00a0(Gouvernement de l\u2019Ontario) - Steps to justice\" \/>\n<meta property=\"og:description\" content=\"Gouvernement de l&#039;Ontario -&nbsp;TORONTO \u2015 Le gouvernement de l&#039;Ontario prolonge jusqu&#039;au 31&nbsp;mai 2020 la p\u00e9riode d&#039;all\u00e8gement des tarifs\" \/>\n<meta property=\"og:url\" content=\"https:\/\/newsite.stepstojustice.ca\/fr\/news\/l-ontario-prolonge-la-p-riode-d-all-gement-des-tarifs-d-lectricit-face-la-pand-mie-de-covid-19-gouvernement-de-l-ontario\/\" \/>\n<meta property=\"og:site_name\" content=\"Steps to justice\" \/>\n<meta property=\"article:published_time\" content=\"-0001-11-30T00:00:00+00:00\" \/>\n<meta property=\"article:modified_time\" content=\"2020-06-02T05:03:04+00:00\" \/>\n<meta name=\"author\" content=\"CLEO\" \/>\n<meta name=\"twitter:card\" content=\"summary_large_image\" \/>\n<meta name=\"twitter:label1\" content=\"\u00c9crit par\" \/>\n\t<meta name=\"twitter:data1\" content=\"CLEO\" \/>\n\t<meta name=\"twitter:label2\" content=\"Dur\u00e9e de lecture estim\u00e9e\" \/>\n\t<meta name=\"twitter:data2\" content=\"1 minute\" \/>\n<script type=\"application\/ld+json\" class=\"yoast-schema-graph\">{\"@context\":\"https:\/\/schema.org\",\"@graph\":[{\"@type\":\"WebPage\",\"@id\":\"https:\/\/newsite.stepstojustice.ca\/fr\/news\/l-ontario-prolonge-la-p-riode-d-all-gement-des-tarifs-d-lectricit-face-la-pand-mie-de-covid-19-gouvernement-de-l-ontario\/\",\"url\":\"https:\/\/newsite.stepstojustice.ca\/fr\/news\/l-ontario-prolonge-la-p-riode-d-all-gement-des-tarifs-d-lectricit-face-la-pand-mie-de-covid-19-gouvernement-de-l-ontario\/\",\"name\":\"L'Ontario prolonge la p\u00e9riode d'all\u00e8gement des tarifs d'\u00e9lectricit\u00e9 face \u00e0 la pand\u00e9mie de COVID-19\u00a0(Gouvernement de l\u2019Ontario) - Steps to justice\",\"isPartOf\":{\"@id\":\"https:\/\/newsite.stepstojustice.ca\/fr\/#website\"},\"datePublished\":\"-0001-11-30T00:00:00+00:00\",\"dateModified\":\"2020-06-02T05:03:04+00:00\",\"author\":{\"@id\":\"https:\/\/newsite.stepstojustice.ca\/fr\/#\/schema\/person\/6ad73b2e76f5b3cfc07598ad8918ba4d\"},\"description\":\"Gouvernement de l'Ontario -&nbsp;TORONTO \u2015 Le gouvernement de l'Ontario prolonge jusqu'au 31&nbsp;mai 2020 la p\u00e9riode d'all\u00e8gement des tarifs\",\"breadcrumb\":{\"@id\":\"https:\/\/newsite.stepstojustice.ca\/fr\/news\/l-ontario-prolonge-la-p-riode-d-all-gement-des-tarifs-d-lectricit-face-la-pand-mie-de-covid-19-gouvernement-de-l-ontario\/#breadcrumb\"},\"inLanguage\":\"fr-FR\",\"potentialAction\":[{\"@type\":\"ReadAction\",\"target\":[\"https:\/\/newsite.stepstojustice.ca\/fr\/news\/l-ontario-prolonge-la-p-riode-d-all-gement-des-tarifs-d-lectricit-face-la-pand-mie-de-covid-19-gouvernement-de-l-ontario\/\"]}]},{\"@type\":\"BreadcrumbList\",\"@id\":\"https:\/\/newsite.stepstojustice.ca\/fr\/news\/l-ontario-prolonge-la-p-riode-d-all-gement-des-tarifs-d-lectricit-face-la-pand-mie-de-covid-19-gouvernement-de-l-ontario\/#breadcrumb\",\"itemListElement\":[{\"@type\":\"ListItem\",\"position\":1,\"name\":\"Home\",\"item\":\"https:\/\/newsite.stepstojustice.ca\/fr\/\"},{\"@type\":\"ListItem\",\"position\":2,\"name\":\"L&rsquo;Ontario prolonge la p\u00e9riode d&rsquo;all\u00e8gement des tarifs d&rsquo;\u00e9lectricit\u00e9 face \u00e0 la pand\u00e9mie de COVID-19\u00a0(Gouvernement de l\u2019Ontario)\"}]},{\"@type\":\"WebSite\",\"@id\":\"https:\/\/newsite.stepstojustice.ca\/fr\/#website\",\"url\":\"https:\/\/newsite.stepstojustice.ca\/fr\/\",\"name\":\"Steps to justice\",\"description\":\"Step-by-step information about legal problems\",\"potentialAction\":[{\"@type\":\"SearchAction\",\"target\":{\"@type\":\"EntryPoint\",\"urlTemplate\":\"https:\/\/newsite.stepstojustice.ca\/fr\/?s={search_term_string}\"},\"query-input\":\"required name=search_term_string\"}],\"inLanguage\":\"fr-FR\"},{\"@type\":\"Person\",\"@id\":\"https:\/\/newsite.stepstojustice.ca\/fr\/#\/schema\/person\/6ad73b2e76f5b3cfc07598ad8918ba4d\",\"name\":\"CLEO\",\"image\":{\"@type\":\"ImageObject\",\"inLanguage\":\"fr-FR\",\"@id\":\"https:\/\/newsite.stepstojustice.ca\/fr\/#\/schema\/person\/image\/\",\"url\":\"https:\/\/secure.gravatar.com\/avatar\/1ca94e85c3ccc165a31c5dc61eb4279e?s=96&d=mm&r=g\",\"contentUrl\":\"https:\/\/secure.gravatar.com\/avatar\/1ca94e85c3ccc165a31c5dc61eb4279e?s=96&d=mm&r=g\",\"caption\":\"CLEO\"}}]}<\/script>\n<!-- \/ Yoast SEO plugin. -->","yoast_head_json":{"title":"L'Ontario prolonge la p\u00e9riode d'all\u00e8gement des tarifs d'\u00e9lectricit\u00e9 face \u00e0 la pand\u00e9mie de COVID-19\u00a0(Gouvernement de l\u2019Ontario) - Steps to justice","description":"Gouvernement de l'Ontario -&nbsp;TORONTO \u2015 Le gouvernement de l'Ontario prolonge jusqu'au 31&nbsp;mai 2020 la p\u00e9riode d'all\u00e8gement des tarifs","robots":{"index":"noindex","follow":"follow","max-snippet":"max-snippet:-1","max-image-preview":"max-image-preview:large","max-video-preview":"max-video-preview:-1"},"og_locale":"fr_FR","og_type":"article","og_title":"L'Ontario prolonge la p\u00e9riode d'all\u00e8gement des tarifs d'\u00e9lectricit\u00e9 face \u00e0 la pand\u00e9mie de COVID-19\u00a0(Gouvernement de l\u2019Ontario) - Steps to justice","og_description":"Gouvernement de l'Ontario -&nbsp;TORONTO \u2015 Le gouvernement de l'Ontario prolonge jusqu'au 31&nbsp;mai 2020 la p\u00e9riode d'all\u00e8gement des tarifs","og_url":"https:\/\/newsite.stepstojustice.ca\/fr\/news\/l-ontario-prolonge-la-p-riode-d-all-gement-des-tarifs-d-lectricit-face-la-pand-mie-de-covid-19-gouvernement-de-l-ontario\/","og_site_name":"Steps to justice","article_published_time":"-0001-11-30T00:00:00+00:00","article_modified_time":"2020-06-02T05:03:04+00:00","author":"CLEO","twitter_card":"summary_large_image","twitter_misc":{"\u00c9crit par":"CLEO","Dur\u00e9e de lecture estim\u00e9e":"1 minute"},"schema":{"@context":"https:\/\/schema.org","@graph":[{"@type":"WebPage","@id":"https:\/\/newsite.stepstojustice.ca\/fr\/news\/l-ontario-prolonge-la-p-riode-d-all-gement-des-tarifs-d-lectricit-face-la-pand-mie-de-covid-19-gouvernement-de-l-ontario\/","url":"https:\/\/newsite.stepstojustice.ca\/fr\/news\/l-ontario-prolonge-la-p-riode-d-all-gement-des-tarifs-d-lectricit-face-la-pand-mie-de-covid-19-gouvernement-de-l-ontario\/","name":"L'Ontario prolonge la p\u00e9riode d'all\u00e8gement des tarifs d'\u00e9lectricit\u00e9 face \u00e0 la pand\u00e9mie de COVID-19\u00a0(Gouvernement de l\u2019Ontario) - Steps to justice","isPartOf":{"@id":"https:\/\/newsite.stepstojustice.ca\/fr\/#website"},"datePublished":"-0001-11-30T00:00:00+00:00","dateModified":"2020-06-02T05:03:04+00:00","author":{"@id":"https:\/\/newsite.stepstojustice.ca\/fr\/#\/schema\/person\/6ad73b2e76f5b3cfc07598ad8918ba4d"},"description":"Gouvernement de l'Ontario -&nbsp;TORONTO \u2015 Le gouvernement de l'Ontario prolonge jusqu'au 31&nbsp;mai 2020 la p\u00e9riode d'all\u00e8gement des tarifs","breadcrumb":{"@id":"https:\/\/newsite.stepstojustice.ca\/fr\/news\/l-ontario-prolonge-la-p-riode-d-all-gement-des-tarifs-d-lectricit-face-la-pand-mie-de-covid-19-gouvernement-de-l-ontario\/#breadcrumb"},"inLanguage":"fr-FR","potentialAction":[{"@type":"ReadAction","target":["https:\/\/newsite.stepstojustice.ca\/fr\/news\/l-ontario-prolonge-la-p-riode-d-all-gement-des-tarifs-d-lectricit-face-la-pand-mie-de-covid-19-gouvernement-de-l-ontario\/"]}]},{"@type":"BreadcrumbList","@id":"https:\/\/newsite.stepstojustice.ca\/fr\/news\/l-ontario-prolonge-la-p-riode-d-all-gement-des-tarifs-d-lectricit-face-la-pand-mie-de-covid-19-gouvernement-de-l-ontario\/#breadcrumb","itemListElement":[{"@type":"ListItem","position":1,"name":"Home","item":"https:\/\/newsite.stepstojustice.ca\/fr\/"},{"@type":"ListItem","position":2,"name":"L&rsquo;Ontario prolonge la p\u00e9riode d&rsquo;all\u00e8gement des tarifs d&rsquo;\u00e9lectricit\u00e9 face \u00e0 la pand\u00e9mie de COVID-19\u00a0(Gouvernement de l\u2019Ontario)"}]},{"@type":"WebSite","@id":"https:\/\/newsite.stepstojustice.ca\/fr\/#website","url":"https:\/\/newsite.stepstojustice.ca\/fr\/","name":"Steps to justice","description":"Step-by-step information about legal problems","potentialAction":[{"@type":"SearchAction","target":{"@type":"EntryPoint","urlTemplate":"https:\/\/newsite.stepstojustice.ca\/fr\/?s={search_term_string}"},"query-input":"required name=search_term_string"}],"inLanguage":"fr-FR"},{"@type":"Person","@id":"https:\/\/newsite.stepstojustice.ca\/fr\/#\/schema\/person\/6ad73b2e76f5b3cfc07598ad8918ba4d","name":"CLEO","image":{"@type":"ImageObject","inLanguage":"fr-FR","@id":"https:\/\/newsite.stepstojustice.ca\/fr\/#\/schema\/person\/image\/","url":"https:\/\/secure.gravatar.com\/avatar\/1ca94e85c3ccc165a31c5dc61eb4279e?s=96&d=mm&r=g","contentUrl":"https:\/\/secure.gravatar.com\/avatar\/1ca94e85c3ccc165a31c5dc61eb4279e?s=96&d=mm&r=g","caption":"CLEO"}}]}},"meta_box":{"blog_image_type":""},"_links":{"self":[{"href":"https:\/\/newsite.stepstojustice.ca\/fr\/wp-json\/wp\/v2\/post\/1180352"}],"collection":[{"href":"https:\/\/newsite.stepstojustice.ca\/fr\/wp-json\/wp\/v2\/post"}],"about":[{"href":"https:\/\/newsite.stepstojustice.ca\/fr\/wp-json\/wp\/v2\/types\/post"}],"author":[{"embeddable":true,"href":"https:\/\/newsite.stepstojustice.ca\/fr\/wp-json\/wp\/v2\/users\/3"}],"replies":[{"embeddable":true,"href":"https:\/\/newsite.stepstojustice.ca\/fr\/wp-json\/wp\/v2\/comments?post=1180352"}],"version-history":[{"count":0,"href":"https:\/\/newsite.stepstojustice.ca\/fr\/wp-json\/wp\/v2\/post\/1180352\/revisions"}],"wp:attachment":[{"href":"https:\/\/newsite.stepstojustice.ca\/fr\/wp-json\/wp\/v2\/media?parent=1180352"}],"wp:term":[{"taxonomy":"category","embeddable":true,"href":"https:\/\/newsite.stepstojustice.ca\/fr\/wp-json\/wp\/v2\/categories?post=1180352"},{"taxonomy":"post_tag","embeddable":true,"href":"https:\/\/newsite.stepstojustice.ca\/fr\/wp-json\/wp\/v2\/tags?post=1180352"},{"taxonomy":"legal-topic","embeddable":true,"href":"https:\/\/newsite.stepstojustice.ca\/fr\/wp-json\/wp\/v2\/legal-topic?post=1180352"}],"curies":[{"name":"wp","href":"https:\/\/api.w.org\/{rel}","templated":true}]}}