{"id":1180342,"date":"2020-05-26T10:14:48","date_gmt":"2020-05-26T14:14:48","guid":{"rendered":""},"modified":"2020-06-02T05:03:00","modified_gmt":"2020-06-02T05:03:00","slug":"covid-19-le-syst-me-de-sant-n-est-pas-pr-t-pour-une-deuxi-me-vague-dit-un-expert-radio-canada","status":"publish","type":"post","link":"https:\/\/newsite.stepstojustice.ca\/fr\/news\/covid-19-le-syst-me-de-sant-n-est-pas-pr-t-pour-une-deuxi-me-vague-dit-un-expert-radio-canada\/","title":{"rendered":"COVID-19 : le syst\u00e8me de sant\u00e9 n\u2019est pas pr\u00eat pour une deuxi\u00e8me vague, dit un expert (Radio-Canada)"},"content":{"rendered":"<p><font face=\"Calibri,Arial,Helvetica,sans-serif\"><font color=\"#212121\" face=\"Calibri,Arial,Helvetica,sans-serif\">Radio-Canada &#8211; CANADA &#8211;&nbsp;<\/font><\/font>Le pr\u00e9sident de l&rsquo;Association m\u00e9dicale canadienne (AMC) affirme que le pays n&rsquo;est pas pr\u00eat pour une possible deuxi\u00e8me vague de COVID-19, et qu&rsquo;une p\u00e9nurie de personnel m\u00e9dical, de mat\u00e9riel de d\u00e9pistage et un nombre insuffisant de tests rendent les Canadiens vuln\u00e9rables.<\/p>\n<p>De passage devant le comit\u00e9 permanent des affaires sociales, des sciences et de la technologie du S\u00e9nat, le Dr&nbsp;Sandy Buchman a soutenu que le pays \u00ab&nbsp;jouait avec le feu en d\u00e9confinant&nbsp;\u00bb.<\/p>\n<p>Nous avons besoin d&rsquo;un suivi des contacts et de tests s\u00e9rologiques pour prendre les d\u00e9cisions \u00e0 propos des gestes \u00e0 poser par la suite. Nous allons trop vite. Selon moi, nous ne sommes pas pr\u00e9par\u00e9s pour une deuxi\u00e8me vague, a-t-il d\u00e9clar\u00e9.<\/p>\n<p><font face=\"Calibri,Arial,Helvetica,sans-serif\"><font color=\"#212121\" face=\"Calibri,Arial,Helvetica,sans-serif\" size=\"2\"><font face=\"Calibri,Arial,Helvetica,sans-serif\">POUR EN SAVOIR&nbsp;PLUS:&nbsp;<\/font><a href=\"https:\/\/ici.radio-canada.ca\/nouvelle\/1701783\/coronavirus-tests-depistage-provinces-quebec-ontario-alberta-colombie-britannique\" target=\"_blank\"><font face=\"Calibri,Arial,Helvetica,sans-serif\"><font face=\"Calibri,Arial,Helvetica,sans-serif\" size=\"2\">\u200b<\/font><\/font><\/a><a href=\"https:\/\/ici.radio-canada.ca\/nouvelle\/1704770\/systeme-sante-canada-coronavirus-deuxieme-vague\" target=\"_blank\">https:\/\/ici.radio-canada.ca\/nouvelle\/1704770\/systeme-sante-canada-coronavirus-deuxieme-vague<\/a><\/font><\/font><\/p>\n","protected":false},"excerpt":{"rendered":"<p>Radio-Canada &#8211; CANADA &#8211;&nbsp;Le pr\u00e9sident de l&rsquo;Association m\u00e9dicale canadienne (AMC) affirme que le pays n&rsquo;est pas pr\u00eat pour une possible deuxi\u00e8me vague de COVID-19, et qu&rsquo;une p\u00e9nurie de personnel m\u00e9dical, de mat\u00e9riel de d\u00e9pistage et un nombre insuffisant de tests rendent les Canadiens vuln\u00e9rables.<br \/>\nDe passage devant le comit\u00e9 permanent des affaires sociales,<\/p>\n","protected":false},"author":3,"featured_media":0,"comment_status":"open","ping_status":"open","sticky":false,"template":"","format":"standard","meta":{"inline_featured_image":false},"categories":[39109],"tags":[],"legal-topic":[],"yoast_head":"<!-- This site is optimized with the Yoast SEO plugin v19.14 - https:\/\/yoast.com\/wordpress\/plugins\/seo\/ -->\n<title>COVID-19 : le syst\u00e8me de sant\u00e9 n\u2019est pas pr\u00eat pour une deuxi\u00e8me vague, dit un expert (Radio-Canada) - Steps to justice<\/title>\n<meta name=\"description\" content=\"Radio-Canada - CANADA -&nbsp;Le pr\u00e9sident de l&#039;Association m\u00e9dicale canadienne (AMC) affirme que le pays n&#039;est pas pr\u00eat pour une possible deuxi\u00e8me vague\" \/>\n<meta name=\"robots\" content=\"noindex, follow, max-snippet:-1, max-image-preview:large, max-video-preview:-1\" \/>\n<meta property=\"og:locale\" content=\"fr_FR\" \/>\n<meta property=\"og:type\" content=\"article\" \/>\n<meta property=\"og:title\" content=\"COVID-19 : le syst\u00e8me de sant\u00e9 n\u2019est pas pr\u00eat pour une deuxi\u00e8me vague, dit un expert (Radio-Canada) - Steps to justice\" \/>\n<meta property=\"og:description\" content=\"Radio-Canada - CANADA -&nbsp;Le pr\u00e9sident de l&#039;Association m\u00e9dicale canadienne (AMC) affirme que le pays n&#039;est pas pr\u00eat pour une possible deuxi\u00e8me vague\" \/>\n<meta property=\"og:url\" content=\"https:\/\/newsite.stepstojustice.ca\/fr\/news\/covid-19-le-syst-me-de-sant-n-est-pas-pr-t-pour-une-deuxi-me-vague-dit-un-expert-radio-canada\/\" \/>\n<meta property=\"og:site_name\" content=\"Steps to justice\" \/>\n<meta property=\"article:published_time\" content=\"-0001-11-30T00:00:00+00:00\" \/>\n<meta property=\"article:modified_time\" content=\"2020-06-02T05:03:00+00:00\" \/>\n<meta name=\"author\" content=\"CLEO\" \/>\n<meta name=\"twitter:card\" content=\"summary_large_image\" \/>\n<meta name=\"twitter:label1\" content=\"\u00c9crit par\" \/>\n\t<meta name=\"twitter:data1\" content=\"CLEO\" \/>\n\t<meta name=\"twitter:label2\" content=\"Dur\u00e9e de lecture estim\u00e9e\" \/>\n\t<meta name=\"twitter:data2\" content=\"1 minute\" \/>\n<script type=\"application\/ld+json\" class=\"yoast-schema-graph\">{\"@context\":\"https:\/\/schema.org\",\"@graph\":[{\"@type\":\"WebPage\",\"@id\":\"https:\/\/newsite.stepstojustice.ca\/fr\/news\/covid-19-le-syst-me-de-sant-n-est-pas-pr-t-pour-une-deuxi-me-vague-dit-un-expert-radio-canada\/\",\"url\":\"https:\/\/newsite.stepstojustice.ca\/fr\/news\/covid-19-le-syst-me-de-sant-n-est-pas-pr-t-pour-une-deuxi-me-vague-dit-un-expert-radio-canada\/\",\"name\":\"COVID-19 : le syst\u00e8me de sant\u00e9 n\u2019est pas pr\u00eat pour une deuxi\u00e8me vague, dit un expert (Radio-Canada) - Steps to justice\",\"isPartOf\":{\"@id\":\"https:\/\/newsite.stepstojustice.ca\/fr\/#website\"},\"datePublished\":\"-0001-11-30T00:00:00+00:00\",\"dateModified\":\"2020-06-02T05:03:00+00:00\",\"author\":{\"@id\":\"https:\/\/newsite.stepstojustice.ca\/fr\/#\/schema\/person\/6ad73b2e76f5b3cfc07598ad8918ba4d\"},\"description\":\"Radio-Canada - CANADA -&nbsp;Le pr\u00e9sident de l'Association m\u00e9dicale canadienne (AMC) affirme que le pays n'est pas pr\u00eat pour une possible deuxi\u00e8me vague\",\"breadcrumb\":{\"@id\":\"https:\/\/newsite.stepstojustice.ca\/fr\/news\/covid-19-le-syst-me-de-sant-n-est-pas-pr-t-pour-une-deuxi-me-vague-dit-un-expert-radio-canada\/#breadcrumb\"},\"inLanguage\":\"fr-FR\",\"potentialAction\":[{\"@type\":\"ReadAction\",\"target\":[\"https:\/\/newsite.stepstojustice.ca\/fr\/news\/covid-19-le-syst-me-de-sant-n-est-pas-pr-t-pour-une-deuxi-me-vague-dit-un-expert-radio-canada\/\"]}]},{\"@type\":\"BreadcrumbList\",\"@id\":\"https:\/\/newsite.stepstojustice.ca\/fr\/news\/covid-19-le-syst-me-de-sant-n-est-pas-pr-t-pour-une-deuxi-me-vague-dit-un-expert-radio-canada\/#breadcrumb\",\"itemListElement\":[{\"@type\":\"ListItem\",\"position\":1,\"name\":\"Home\",\"item\":\"https:\/\/newsite.stepstojustice.ca\/fr\/\"},{\"@type\":\"ListItem\",\"position\":2,\"name\":\"COVID-19 : le syst\u00e8me de sant\u00e9 n\u2019est pas pr\u00eat pour une deuxi\u00e8me vague, dit un expert (Radio-Canada)\"}]},{\"@type\":\"WebSite\",\"@id\":\"https:\/\/newsite.stepstojustice.ca\/fr\/#website\",\"url\":\"https:\/\/newsite.stepstojustice.ca\/fr\/\",\"name\":\"Steps to justice\",\"description\":\"Step-by-step information about legal problems\",\"potentialAction\":[{\"@type\":\"SearchAction\",\"target\":{\"@type\":\"EntryPoint\",\"urlTemplate\":\"https:\/\/newsite.stepstojustice.ca\/fr\/?s={search_term_string}\"},\"query-input\":\"required name=search_term_string\"}],\"inLanguage\":\"fr-FR\"},{\"@type\":\"Person\",\"@id\":\"https:\/\/newsite.stepstojustice.ca\/fr\/#\/schema\/person\/6ad73b2e76f5b3cfc07598ad8918ba4d\",\"name\":\"CLEO\",\"image\":{\"@type\":\"ImageObject\",\"inLanguage\":\"fr-FR\",\"@id\":\"https:\/\/newsite.stepstojustice.ca\/fr\/#\/schema\/person\/image\/\",\"url\":\"https:\/\/secure.gravatar.com\/avatar\/1ca94e85c3ccc165a31c5dc61eb4279e?s=96&d=mm&r=g\",\"contentUrl\":\"https:\/\/secure.gravatar.com\/avatar\/1ca94e85c3ccc165a31c5dc61eb4279e?s=96&d=mm&r=g\",\"caption\":\"CLEO\"}}]}<\/script>\n<!-- \/ Yoast SEO plugin. -->","yoast_head_json":{"title":"COVID-19 : le syst\u00e8me de sant\u00e9 n\u2019est pas pr\u00eat pour une deuxi\u00e8me vague, dit un expert (Radio-Canada) - Steps to justice","description":"Radio-Canada - CANADA -&nbsp;Le pr\u00e9sident de l'Association m\u00e9dicale canadienne (AMC) affirme que le pays n'est pas pr\u00eat pour une possible deuxi\u00e8me vague","robots":{"index":"noindex","follow":"follow","max-snippet":"max-snippet:-1","max-image-preview":"max-image-preview:large","max-video-preview":"max-video-preview:-1"},"og_locale":"fr_FR","og_type":"article","og_title":"COVID-19 : le syst\u00e8me de sant\u00e9 n\u2019est pas pr\u00eat pour une deuxi\u00e8me vague, dit un expert (Radio-Canada) - Steps to justice","og_description":"Radio-Canada - CANADA -&nbsp;Le pr\u00e9sident de l'Association m\u00e9dicale canadienne (AMC) affirme que le pays n'est pas pr\u00eat pour une possible deuxi\u00e8me vague","og_url":"https:\/\/newsite.stepstojustice.ca\/fr\/news\/covid-19-le-syst-me-de-sant-n-est-pas-pr-t-pour-une-deuxi-me-vague-dit-un-expert-radio-canada\/","og_site_name":"Steps to justice","article_published_time":"-0001-11-30T00:00:00+00:00","article_modified_time":"2020-06-02T05:03:00+00:00","author":"CLEO","twitter_card":"summary_large_image","twitter_misc":{"\u00c9crit par":"CLEO","Dur\u00e9e de lecture estim\u00e9e":"1 minute"},"schema":{"@context":"https:\/\/schema.org","@graph":[{"@type":"WebPage","@id":"https:\/\/newsite.stepstojustice.ca\/fr\/news\/covid-19-le-syst-me-de-sant-n-est-pas-pr-t-pour-une-deuxi-me-vague-dit-un-expert-radio-canada\/","url":"https:\/\/newsite.stepstojustice.ca\/fr\/news\/covid-19-le-syst-me-de-sant-n-est-pas-pr-t-pour-une-deuxi-me-vague-dit-un-expert-radio-canada\/","name":"COVID-19 : le syst\u00e8me de sant\u00e9 n\u2019est pas pr\u00eat pour une deuxi\u00e8me vague, dit un expert (Radio-Canada) - Steps to justice","isPartOf":{"@id":"https:\/\/newsite.stepstojustice.ca\/fr\/#website"},"datePublished":"-0001-11-30T00:00:00+00:00","dateModified":"2020-06-02T05:03:00+00:00","author":{"@id":"https:\/\/newsite.stepstojustice.ca\/fr\/#\/schema\/person\/6ad73b2e76f5b3cfc07598ad8918ba4d"},"description":"Radio-Canada - CANADA -&nbsp;Le pr\u00e9sident de l'Association m\u00e9dicale canadienne (AMC) affirme que le pays n'est pas pr\u00eat pour une possible deuxi\u00e8me vague","breadcrumb":{"@id":"https:\/\/newsite.stepstojustice.ca\/fr\/news\/covid-19-le-syst-me-de-sant-n-est-pas-pr-t-pour-une-deuxi-me-vague-dit-un-expert-radio-canada\/#breadcrumb"},"inLanguage":"fr-FR","potentialAction":[{"@type":"ReadAction","target":["https:\/\/newsite.stepstojustice.ca\/fr\/news\/covid-19-le-syst-me-de-sant-n-est-pas-pr-t-pour-une-deuxi-me-vague-dit-un-expert-radio-canada\/"]}]},{"@type":"BreadcrumbList","@id":"https:\/\/newsite.stepstojustice.ca\/fr\/news\/covid-19-le-syst-me-de-sant-n-est-pas-pr-t-pour-une-deuxi-me-vague-dit-un-expert-radio-canada\/#breadcrumb","itemListElement":[{"@type":"ListItem","position":1,"name":"Home","item":"https:\/\/newsite.stepstojustice.ca\/fr\/"},{"@type":"ListItem","position":2,"name":"COVID-19 : le syst\u00e8me de sant\u00e9 n\u2019est pas pr\u00eat pour une deuxi\u00e8me vague, dit un expert (Radio-Canada)"}]},{"@type":"WebSite","@id":"https:\/\/newsite.stepstojustice.ca\/fr\/#website","url":"https:\/\/newsite.stepstojustice.ca\/fr\/","name":"Steps to justice","description":"Step-by-step information about legal problems","potentialAction":[{"@type":"SearchAction","target":{"@type":"EntryPoint","urlTemplate":"https:\/\/newsite.stepstojustice.ca\/fr\/?s={search_term_string}"},"query-input":"required name=search_term_string"}],"inLanguage":"fr-FR"},{"@type":"Person","@id":"https:\/\/newsite.stepstojustice.ca\/fr\/#\/schema\/person\/6ad73b2e76f5b3cfc07598ad8918ba4d","name":"CLEO","image":{"@type":"ImageObject","inLanguage":"fr-FR","@id":"https:\/\/newsite.stepstojustice.ca\/fr\/#\/schema\/person\/image\/","url":"https:\/\/secure.gravatar.com\/avatar\/1ca94e85c3ccc165a31c5dc61eb4279e?s=96&d=mm&r=g","contentUrl":"https:\/\/secure.gravatar.com\/avatar\/1ca94e85c3ccc165a31c5dc61eb4279e?s=96&d=mm&r=g","caption":"CLEO"}}]}},"meta_box":{"blog_image_type":""},"_links":{"self":[{"href":"https:\/\/newsite.stepstojustice.ca\/fr\/wp-json\/wp\/v2\/post\/1180342"}],"collection":[{"href":"https:\/\/newsite.stepstojustice.ca\/fr\/wp-json\/wp\/v2\/post"}],"about":[{"href":"https:\/\/newsite.stepstojustice.ca\/fr\/wp-json\/wp\/v2\/types\/post"}],"author":[{"embeddable":true,"href":"https:\/\/newsite.stepstojustice.ca\/fr\/wp-json\/wp\/v2\/users\/3"}],"replies":[{"embeddable":true,"href":"https:\/\/newsite.stepstojustice.ca\/fr\/wp-json\/wp\/v2\/comments?post=1180342"}],"version-history":[{"count":0,"href":"https:\/\/newsite.stepstojustice.ca\/fr\/wp-json\/wp\/v2\/post\/1180342\/revisions"}],"wp:attachment":[{"href":"https:\/\/newsite.stepstojustice.ca\/fr\/wp-json\/wp\/v2\/media?parent=1180342"}],"wp:term":[{"taxonomy":"category","embeddable":true,"href":"https:\/\/newsite.stepstojustice.ca\/fr\/wp-json\/wp\/v2\/categories?post=1180342"},{"taxonomy":"post_tag","embeddable":true,"href":"https:\/\/newsite.stepstojustice.ca\/fr\/wp-json\/wp\/v2\/tags?post=1180342"},{"taxonomy":"legal-topic","embeddable":true,"href":"https:\/\/newsite.stepstojustice.ca\/fr\/wp-json\/wp\/v2\/legal-topic?post=1180342"}],"curies":[{"name":"wp","href":"https:\/\/api.w.org\/{rel}","templated":true}]}}