{"id":1180328,"date":"2020-06-12T13:06:11","date_gmt":"2020-06-12T17:06:11","guid":{"rendered":""},"modified":"2020-06-12T13:06:11","modified_gmt":"2020-06-12T13:06:11","slug":"l-ontario-d-voile-son-plan-pour-la-r-ouverture-des-tablissements-post-secondaires-gouvernement-de-l-ontario","status":"publish","type":"post","link":"https:\/\/newsite.stepstojustice.ca\/fr\/news\/l-ontario-d-voile-son-plan-pour-la-r-ouverture-des-tablissements-post-secondaires-gouvernement-de-l-ontario\/","title":{"rendered":"L&rsquo;Ontario d\u00e9voile son plan pour la r\u00e9ouverture des \u00e9tablissements post-secondaires\u00a0(Gouvernement de l&rsquo;Ontario)"},"content":{"rendered":"<p>Gouvernement de l&rsquo;Ontario &#8211;&nbsp;TORONTO \u2015 En consultation avec le m\u00e9decin hygi\u00e9niste en chef, le gouvernement de l&rsquo;Ontario a \u00e9labor\u00e9 un plan visant la reprise progressive et s\u00fbre de l&rsquo;enseignement en personne dans les \u00e9tablissements postsecondaires de toute la province pour le trimestre d&rsquo;\u00e9t\u00e9.<\/p>\n<p>\u00c0 compter de juillet 2020, les \u00e9tablissements postsecondaires pourront reprendre de mani\u00e8re limit\u00e9e l&rsquo;enseignement et la formation en personne pour les \u00e9tudiants et \u00e9tudiantes qui n&rsquo;ont pas pu obtenir leur dipl\u00f4me en raison de la fermeture li\u00e9e \u00e0 la COVID-19. Ils pourront rouvrir leurs portes aux \u00e9tudiants inscrits \u00e0 des programmes menant \u00e0 des professions essentielles, de premi\u00e8re ligne et \u00e0 forte demande, notamment les soins infirmiers, les services de soutien \u00e0 la personne et l&rsquo;ing\u00e9nierie. Des milliers&nbsp;d&rsquo;\u00e9tudiants et \u00e9tudiantes de toute la province pourraient participer \u00e0 cette premi\u00e8re phase de reprise des cours en personne, cet \u00e9t\u00e9.<\/p>\n<p>En septembre, tous les \u00e9tudiants et \u00e9tudiantes de l&rsquo;Ontario auront la possibilit\u00e9 de commencer ou poursuivre leurs \u00e9tudes postsecondaires en ligne, en personne ou selon un mod\u00e8le d&rsquo;enseignement hybride.<\/p>\n<p>POUR EN SAVOIR PLUS:&nbsp;<a href=\"https:\/\/news.ontario.ca\/opo\/fr\/2020\/06\/lontario-devoile-son-plan-pour-la-reouverture-des-etablissements-postsecondaires.html\">https:\/\/news.ontario.ca\/opo\/fr\/2020\/06\/lontario-devoile-son-plan-pour-la-reouverture-des-etablissements-postsecondaires.html<\/a><\/p>\n<p>&nbsp;<\/p>\n","protected":false},"excerpt":{"rendered":"<p>Gouvernement de l&rsquo;Ontario &#8211;&nbsp;TORONTO \u2015 En consultation avec le m\u00e9decin hygi\u00e9niste en chef, le gouvernement de l&rsquo;Ontario a \u00e9labor\u00e9 un plan visant la reprise progressive et s\u00fbre de l&rsquo;enseignement en personne dans les \u00e9tablissements postsecondaires de toute la province pour le trimestre d&rsquo;\u00e9t\u00e9.<br \/>\n\u00c0 compter de juillet 2020, les \u00e9tablissements postsecondaires pourront reprendre de mani\u00e8re limit\u00e9e l&rsquo;enseignement et la formation en personne pour les \u00e9tudiants et \u00e9tudiantes qui n&rsquo;ont pas pu obtenir leur dipl\u00f4me en raison de la fermeture li\u00e9e \u00e0 la COVID-19.<\/p>\n","protected":false},"author":3,"featured_media":0,"comment_status":"open","ping_status":"open","sticky":false,"template":"","format":"standard","meta":{"inline_featured_image":false},"categories":[39109],"tags":[],"legal-topic":[],"yoast_head":"<!-- This site is optimized with the Yoast SEO plugin v19.14 - https:\/\/yoast.com\/wordpress\/plugins\/seo\/ -->\n<title>L&#039;Ontario d\u00e9voile son plan pour la r\u00e9ouverture des \u00e9tablissements post-secondaires\u00a0(Gouvernement de l&#039;Ontario) - Steps to justice<\/title>\n<meta name=\"description\" content=\"Gouvernement de l&#039;Ontario -&nbsp;TORONTO \u2015 En consultation avec le m\u00e9decin hygi\u00e9niste en chef, le gouvernement de l&#039;Ontario a \u00e9labor\u00e9 un plan visant la\" \/>\n<meta name=\"robots\" content=\"noindex, follow, max-snippet:-1, max-image-preview:large, max-video-preview:-1\" \/>\n<meta property=\"og:locale\" content=\"fr_FR\" \/>\n<meta property=\"og:type\" content=\"article\" \/>\n<meta property=\"og:title\" content=\"L&#039;Ontario d\u00e9voile son plan pour la r\u00e9ouverture des \u00e9tablissements post-secondaires\u00a0(Gouvernement de l&#039;Ontario) - Steps to justice\" \/>\n<meta property=\"og:description\" content=\"Gouvernement de l&#039;Ontario -&nbsp;TORONTO \u2015 En consultation avec le m\u00e9decin hygi\u00e9niste en chef, le gouvernement de l&#039;Ontario a \u00e9labor\u00e9 un plan visant la\" \/>\n<meta property=\"og:url\" content=\"https:\/\/newsite.stepstojustice.ca\/fr\/news\/l-ontario-d-voile-son-plan-pour-la-r-ouverture-des-tablissements-post-secondaires-gouvernement-de-l-ontario\/\" \/>\n<meta property=\"og:site_name\" content=\"Steps to justice\" \/>\n<meta property=\"article:published_time\" content=\"-0001-11-30T00:00:00+00:00\" \/>\n<meta property=\"article:modified_time\" content=\"2020-06-12T13:06:11+00:00\" \/>\n<meta name=\"author\" content=\"CLEO\" \/>\n<meta name=\"twitter:card\" content=\"summary_large_image\" \/>\n<meta name=\"twitter:label1\" content=\"\u00c9crit par\" \/>\n\t<meta name=\"twitter:data1\" content=\"CLEO\" \/>\n\t<meta name=\"twitter:label2\" content=\"Dur\u00e9e de lecture estim\u00e9e\" \/>\n\t<meta name=\"twitter:data2\" content=\"1 minute\" \/>\n<script type=\"application\/ld+json\" class=\"yoast-schema-graph\">{\"@context\":\"https:\/\/schema.org\",\"@graph\":[{\"@type\":\"WebPage\",\"@id\":\"https:\/\/newsite.stepstojustice.ca\/fr\/news\/l-ontario-d-voile-son-plan-pour-la-r-ouverture-des-tablissements-post-secondaires-gouvernement-de-l-ontario\/\",\"url\":\"https:\/\/newsite.stepstojustice.ca\/fr\/news\/l-ontario-d-voile-son-plan-pour-la-r-ouverture-des-tablissements-post-secondaires-gouvernement-de-l-ontario\/\",\"name\":\"L'Ontario d\u00e9voile son plan pour la r\u00e9ouverture des \u00e9tablissements post-secondaires\u00a0(Gouvernement de l'Ontario) - Steps to justice\",\"isPartOf\":{\"@id\":\"https:\/\/newsite.stepstojustice.ca\/fr\/#website\"},\"datePublished\":\"-0001-11-30T00:00:00+00:00\",\"dateModified\":\"2020-06-12T13:06:11+00:00\",\"author\":{\"@id\":\"https:\/\/newsite.stepstojustice.ca\/fr\/#\/schema\/person\/6ad73b2e76f5b3cfc07598ad8918ba4d\"},\"description\":\"Gouvernement de l'Ontario -&nbsp;TORONTO \u2015 En consultation avec le m\u00e9decin hygi\u00e9niste en chef, le gouvernement de l'Ontario a \u00e9labor\u00e9 un plan visant la\",\"breadcrumb\":{\"@id\":\"https:\/\/newsite.stepstojustice.ca\/fr\/news\/l-ontario-d-voile-son-plan-pour-la-r-ouverture-des-tablissements-post-secondaires-gouvernement-de-l-ontario\/#breadcrumb\"},\"inLanguage\":\"fr-FR\",\"potentialAction\":[{\"@type\":\"ReadAction\",\"target\":[\"https:\/\/newsite.stepstojustice.ca\/fr\/news\/l-ontario-d-voile-son-plan-pour-la-r-ouverture-des-tablissements-post-secondaires-gouvernement-de-l-ontario\/\"]}]},{\"@type\":\"BreadcrumbList\",\"@id\":\"https:\/\/newsite.stepstojustice.ca\/fr\/news\/l-ontario-d-voile-son-plan-pour-la-r-ouverture-des-tablissements-post-secondaires-gouvernement-de-l-ontario\/#breadcrumb\",\"itemListElement\":[{\"@type\":\"ListItem\",\"position\":1,\"name\":\"Home\",\"item\":\"https:\/\/newsite.stepstojustice.ca\/fr\/\"},{\"@type\":\"ListItem\",\"position\":2,\"name\":\"L&rsquo;Ontario d\u00e9voile son plan pour la r\u00e9ouverture des \u00e9tablissements post-secondaires\u00a0(Gouvernement de l&rsquo;Ontario)\"}]},{\"@type\":\"WebSite\",\"@id\":\"https:\/\/newsite.stepstojustice.ca\/fr\/#website\",\"url\":\"https:\/\/newsite.stepstojustice.ca\/fr\/\",\"name\":\"Steps to justice\",\"description\":\"Step-by-step information about legal problems\",\"potentialAction\":[{\"@type\":\"SearchAction\",\"target\":{\"@type\":\"EntryPoint\",\"urlTemplate\":\"https:\/\/newsite.stepstojustice.ca\/fr\/?s={search_term_string}\"},\"query-input\":\"required name=search_term_string\"}],\"inLanguage\":\"fr-FR\"},{\"@type\":\"Person\",\"@id\":\"https:\/\/newsite.stepstojustice.ca\/fr\/#\/schema\/person\/6ad73b2e76f5b3cfc07598ad8918ba4d\",\"name\":\"CLEO\",\"image\":{\"@type\":\"ImageObject\",\"inLanguage\":\"fr-FR\",\"@id\":\"https:\/\/newsite.stepstojustice.ca\/fr\/#\/schema\/person\/image\/\",\"url\":\"https:\/\/secure.gravatar.com\/avatar\/1ca94e85c3ccc165a31c5dc61eb4279e?s=96&d=mm&r=g\",\"contentUrl\":\"https:\/\/secure.gravatar.com\/avatar\/1ca94e85c3ccc165a31c5dc61eb4279e?s=96&d=mm&r=g\",\"caption\":\"CLEO\"}}]}<\/script>\n<!-- \/ Yoast SEO plugin. -->","yoast_head_json":{"title":"L'Ontario d\u00e9voile son plan pour la r\u00e9ouverture des \u00e9tablissements post-secondaires\u00a0(Gouvernement de l'Ontario) - Steps to justice","description":"Gouvernement de l'Ontario -&nbsp;TORONTO \u2015 En consultation avec le m\u00e9decin hygi\u00e9niste en chef, le gouvernement de l'Ontario a \u00e9labor\u00e9 un plan visant la","robots":{"index":"noindex","follow":"follow","max-snippet":"max-snippet:-1","max-image-preview":"max-image-preview:large","max-video-preview":"max-video-preview:-1"},"og_locale":"fr_FR","og_type":"article","og_title":"L'Ontario d\u00e9voile son plan pour la r\u00e9ouverture des \u00e9tablissements post-secondaires\u00a0(Gouvernement de l'Ontario) - Steps to justice","og_description":"Gouvernement de l'Ontario -&nbsp;TORONTO \u2015 En consultation avec le m\u00e9decin hygi\u00e9niste en chef, le gouvernement de l'Ontario a \u00e9labor\u00e9 un plan visant la","og_url":"https:\/\/newsite.stepstojustice.ca\/fr\/news\/l-ontario-d-voile-son-plan-pour-la-r-ouverture-des-tablissements-post-secondaires-gouvernement-de-l-ontario\/","og_site_name":"Steps to justice","article_published_time":"-0001-11-30T00:00:00+00:00","article_modified_time":"2020-06-12T13:06:11+00:00","author":"CLEO","twitter_card":"summary_large_image","twitter_misc":{"\u00c9crit par":"CLEO","Dur\u00e9e de lecture estim\u00e9e":"1 minute"},"schema":{"@context":"https:\/\/schema.org","@graph":[{"@type":"WebPage","@id":"https:\/\/newsite.stepstojustice.ca\/fr\/news\/l-ontario-d-voile-son-plan-pour-la-r-ouverture-des-tablissements-post-secondaires-gouvernement-de-l-ontario\/","url":"https:\/\/newsite.stepstojustice.ca\/fr\/news\/l-ontario-d-voile-son-plan-pour-la-r-ouverture-des-tablissements-post-secondaires-gouvernement-de-l-ontario\/","name":"L'Ontario d\u00e9voile son plan pour la r\u00e9ouverture des \u00e9tablissements post-secondaires\u00a0(Gouvernement de l'Ontario) - Steps to justice","isPartOf":{"@id":"https:\/\/newsite.stepstojustice.ca\/fr\/#website"},"datePublished":"-0001-11-30T00:00:00+00:00","dateModified":"2020-06-12T13:06:11+00:00","author":{"@id":"https:\/\/newsite.stepstojustice.ca\/fr\/#\/schema\/person\/6ad73b2e76f5b3cfc07598ad8918ba4d"},"description":"Gouvernement de l'Ontario -&nbsp;TORONTO \u2015 En consultation avec le m\u00e9decin hygi\u00e9niste en chef, le gouvernement de l'Ontario a \u00e9labor\u00e9 un plan visant la","breadcrumb":{"@id":"https:\/\/newsite.stepstojustice.ca\/fr\/news\/l-ontario-d-voile-son-plan-pour-la-r-ouverture-des-tablissements-post-secondaires-gouvernement-de-l-ontario\/#breadcrumb"},"inLanguage":"fr-FR","potentialAction":[{"@type":"ReadAction","target":["https:\/\/newsite.stepstojustice.ca\/fr\/news\/l-ontario-d-voile-son-plan-pour-la-r-ouverture-des-tablissements-post-secondaires-gouvernement-de-l-ontario\/"]}]},{"@type":"BreadcrumbList","@id":"https:\/\/newsite.stepstojustice.ca\/fr\/news\/l-ontario-d-voile-son-plan-pour-la-r-ouverture-des-tablissements-post-secondaires-gouvernement-de-l-ontario\/#breadcrumb","itemListElement":[{"@type":"ListItem","position":1,"name":"Home","item":"https:\/\/newsite.stepstojustice.ca\/fr\/"},{"@type":"ListItem","position":2,"name":"L&rsquo;Ontario d\u00e9voile son plan pour la r\u00e9ouverture des \u00e9tablissements post-secondaires\u00a0(Gouvernement de l&rsquo;Ontario)"}]},{"@type":"WebSite","@id":"https:\/\/newsite.stepstojustice.ca\/fr\/#website","url":"https:\/\/newsite.stepstojustice.ca\/fr\/","name":"Steps to justice","description":"Step-by-step information about legal problems","potentialAction":[{"@type":"SearchAction","target":{"@type":"EntryPoint","urlTemplate":"https:\/\/newsite.stepstojustice.ca\/fr\/?s={search_term_string}"},"query-input":"required name=search_term_string"}],"inLanguage":"fr-FR"},{"@type":"Person","@id":"https:\/\/newsite.stepstojustice.ca\/fr\/#\/schema\/person\/6ad73b2e76f5b3cfc07598ad8918ba4d","name":"CLEO","image":{"@type":"ImageObject","inLanguage":"fr-FR","@id":"https:\/\/newsite.stepstojustice.ca\/fr\/#\/schema\/person\/image\/","url":"https:\/\/secure.gravatar.com\/avatar\/1ca94e85c3ccc165a31c5dc61eb4279e?s=96&d=mm&r=g","contentUrl":"https:\/\/secure.gravatar.com\/avatar\/1ca94e85c3ccc165a31c5dc61eb4279e?s=96&d=mm&r=g","caption":"CLEO"}}]}},"meta_box":{"blog_image_type":""},"_links":{"self":[{"href":"https:\/\/newsite.stepstojustice.ca\/fr\/wp-json\/wp\/v2\/post\/1180328"}],"collection":[{"href":"https:\/\/newsite.stepstojustice.ca\/fr\/wp-json\/wp\/v2\/post"}],"about":[{"href":"https:\/\/newsite.stepstojustice.ca\/fr\/wp-json\/wp\/v2\/types\/post"}],"author":[{"embeddable":true,"href":"https:\/\/newsite.stepstojustice.ca\/fr\/wp-json\/wp\/v2\/users\/3"}],"replies":[{"embeddable":true,"href":"https:\/\/newsite.stepstojustice.ca\/fr\/wp-json\/wp\/v2\/comments?post=1180328"}],"version-history":[{"count":0,"href":"https:\/\/newsite.stepstojustice.ca\/fr\/wp-json\/wp\/v2\/post\/1180328\/revisions"}],"wp:attachment":[{"href":"https:\/\/newsite.stepstojustice.ca\/fr\/wp-json\/wp\/v2\/media?parent=1180328"}],"wp:term":[{"taxonomy":"category","embeddable":true,"href":"https:\/\/newsite.stepstojustice.ca\/fr\/wp-json\/wp\/v2\/categories?post=1180328"},{"taxonomy":"post_tag","embeddable":true,"href":"https:\/\/newsite.stepstojustice.ca\/fr\/wp-json\/wp\/v2\/tags?post=1180328"},{"taxonomy":"legal-topic","embeddable":true,"href":"https:\/\/newsite.stepstojustice.ca\/fr\/wp-json\/wp\/v2\/legal-topic?post=1180328"}],"curies":[{"name":"wp","href":"https:\/\/api.w.org\/{rel}","templated":true}]}}